{"id":38702,"date":"2025-03-31T12:32:05","date_gmt":"2025-03-31T10:32:05","guid":{"rendered":"https:\/\/internacional.umh.es\/?p=38702"},"modified":"2025-03-31T14:01:06","modified_gmt":"2025-03-31T12:01:06","slug":"alumni-umh-y-relaciones-internacionales-ponen-en-marcha-un-podcast-con-personas-tituladas-cuya-experiencia-erasmus-les-ayudo-en-su-carrera-profesional","status":"publish","type":"post","link":"https:\/\/internacional.umh.es\/en\/2025\/03\/31\/alumni-umh-y-relaciones-internacionales-ponen-en-marcha-un-podcast-con-personas-tituladas-cuya-experiencia-erasmus-les-ayudo-en-su-carrera-profesional\/","title":{"rendered":"Alumni UMH and International Relations launch podcast with graduates whose Erasmus experiences helped them in their careers"},"content":{"rendered":"<p><\/p>\n<p style=\"text-align: justify\"><span style=\"font-weight: 400\"><a href=\"https:\/\/internacional.umh.es\/files\/2025\/03\/PODCAST-ALUMNI_2.png\"><img loading=\"lazy\" class=\" wp-image-38705 alignleft\" src=\"https:\/\/internacional.umh.es\/files\/2025\/03\/PODCAST-ALUMNI_2-300x300.png\" alt=\"\" width=\"247\" height=\"247\" srcset=\"https:\/\/internacional.umh.es\/files\/2025\/03\/PODCAST-ALUMNI_2-300x300.png 300w, https:\/\/internacional.umh.es\/files\/2025\/03\/PODCAST-ALUMNI_2-1024x1024.png 1024w, https:\/\/internacional.umh.es\/files\/2025\/03\/PODCAST-ALUMNI_2-150x150.png 150w, https:\/\/internacional.umh.es\/files\/2025\/03\/PODCAST-ALUMNI_2-768x768.png 768w, https:\/\/internacional.umh.es\/files\/2025\/03\/PODCAST-ALUMNI_2.png 1080w\" sizes=\"(max-width: 247px) 100vw, 247px\" \/><\/a><\/span>Alumni UMH and the Service of International Relations and Cooperation at this university are proud to launch the \u2018Alumni UMH Global: A World of Opportunities\u2019 podcast. This endeavor aims to interview UMH graduates who undertook Erasmus exchanges and highlight how this type of mobility positively contributed to their professional career advancement.<\/p>\n<p style=\"text-align: justify\">This program is going to be talking to UMH alumni from different professional areas. These include Adri\u00e1n Mora, the International Space Station\/Columbus Flight Director; Sandra Calvo, who works at Google in the realm of artificial intelligence in Finland; and \u00d3scar Ja\u00e9n, manager of large accounts at Nestl\u00e9, among other interesting individuals.<\/p>\n<p style=\"text-align: justify\">The guest interviewees are going to highlight how undertaking an Erasmus exchange impacted their lives, as it played an essential part in enabling them to secure job in the countries where they completed their exchanges, due both to them learning the local languages and enabling them to learn to live in places different from what can be found within Spain.<\/p>\n<p style=\"text-align: justify\">This podcast project aims to connect members of Alumni UMH, inspire current and future students, as well as promoting international mobility programs as tools that help in forming more competitive professionals.<\/p>\n<p>&nbsp;<\/p>\n<p>&nbsp;<\/p>","protected":false},"excerpt":{"rendered":"<p>Alumni UMH and the Service of International Relations and Cooperation at this university are proud to launch the \u2018Alumni UMH Global: A World of Opportunities\u2019 podcast. This endeavor aims to interview UMH graduates who undertook Erasmus exchanges and highlight how this type of mobility positively contributed to their professional career advancement.<br \/>\nThis program is going to [&#8230;]<\/p>\n","protected":false},"author":28614,"featured_media":0,"comment_status":"closed","ping_status":"closed","sticky":false,"template":"","format":"standard","meta":{"ngg_post_thumbnail":0,"_links_to":"","_links_to_target":""},"categories":[1490504],"tags":[],"yoast_head":"<!-- This site is optimized with the Yoast SEO plugin v17.5 - https:\/\/yoast.com\/wordpress\/plugins\/seo\/ -->\n<meta name=\"robots\" content=\"index, follow, max-snippet:-1, max-image-preview:large, max-video-preview:-1\" \/>\n<link rel=\"canonical\" href=\"https:\/\/internacional.umh.es\/en\/2025\/03\/31\/alumni-umh-y-relaciones-internacionales-ponen-en-marcha-un-podcast-con-personas-tituladas-cuya-experiencia-erasmus-les-ayudo-en-su-carrera-profesional\/\" \/>\n<meta property=\"og:locale\" content=\"en_US\" \/>\n<meta property=\"og:type\" content=\"article\" \/>\n<meta property=\"og:title\" content=\"Alumni UMH and International Relations launch podcast with graduates whose Erasmus experiences helped them in their careers - International Relations and Cooperation\" \/>\n<meta property=\"og:description\" content=\"Alumni UMH and the Service of International Relations and Cooperation at this university are proud to launch the \u2018Alumni UMH Global: A World of Opportunities\u2019 podcast. This endeavor aims to interview UMH graduates who undertook Erasmus exchanges and highlight how this type of mobility positively contributed to their professional career advancement. This program is going to [...]\" \/>\n<meta property=\"og:url\" content=\"https:\/\/internacional.umh.es\/ca\/2025\/03\/31\/alumni-umh-y-relaciones-internacionales-ponen-en-marcha-un-podcast-con-personas-tituladas-cuya-experiencia-erasmus-les-ayudo-en-su-carrera-profesional\/\" \/>\n<meta property=\"og:site_name\" content=\"International Relations and Cooperation\" \/>\n<meta property=\"article:published_time\" content=\"2025-03-31T10:32:05+00:00\" \/>\n<meta property=\"article:modified_time\" content=\"2025-03-31T12:01:06+00:00\" \/>\n<meta property=\"og:image\" content=\"https:\/\/internacional.umh.es\/files\/2025\/03\/PODCAST-ALUMNI_2-300x300.png\" \/>\n<meta name=\"twitter:card\" content=\"summary_large_image\" \/>\n<meta name=\"twitter:label1\" content=\"Written by\" \/>\n\t<meta name=\"twitter:data1\" content=\"paliaga\" \/>\n\t<meta name=\"twitter:label2\" content=\"Est. reading time\" \/>\n\t<meta name=\"twitter:data2\" content=\"2 minutes\" \/>\n<script type=\"application\/ld+json\" class=\"yoast-schema-graph\">{\"@context\":\"https:\/\/schema.org\",\"@graph\":[{\"@type\":\"WebSite\",\"@id\":\"https:\/\/internacional.umh.es\/en\/#website\",\"url\":\"https:\/\/internacional.umh.es\/en\/\",\"name\":\"International Relations and Cooperation\",\"description\":\"Miguel Hernandez University of Elche\",\"potentialAction\":[{\"@type\":\"SearchAction\",\"target\":{\"@type\":\"EntryPoint\",\"urlTemplate\":\"https:\/\/internacional.umh.es\/en\/?s={search_term_string}\"},\"query-input\":\"required name=search_term_string\"}],\"inLanguage\":\"en-US\"},{\"@type\":\"ImageObject\",\"@id\":\"https:\/\/internacional.umh.es\/ca\/2025\/03\/31\/alumni-umh-y-relaciones-internacionales-ponen-en-marcha-un-podcast-con-personas-tituladas-cuya-experiencia-erasmus-les-ayudo-en-su-carrera-profesional\/#primaryimage\",\"inLanguage\":\"en-US\",\"url\":\"https:\/\/internacional.umh.es\/files\/2025\/03\/PODCAST-ALUMNI_2.png\",\"contentUrl\":\"https:\/\/internacional.umh.es\/files\/2025\/03\/PODCAST-ALUMNI_2.png\",\"width\":1080,\"height\":1080},{\"@type\":\"WebPage\",\"@id\":\"https:\/\/internacional.umh.es\/ca\/2025\/03\/31\/alumni-umh-y-relaciones-internacionales-ponen-en-marcha-un-podcast-con-personas-tituladas-cuya-experiencia-erasmus-les-ayudo-en-su-carrera-profesional\/#webpage\",\"url\":\"https:\/\/internacional.umh.es\/ca\/2025\/03\/31\/alumni-umh-y-relaciones-internacionales-ponen-en-marcha-un-podcast-con-personas-tituladas-cuya-experiencia-erasmus-les-ayudo-en-su-carrera-profesional\/\",\"name\":\"Alumni UMH and International Relations launch podcast with graduates whose Erasmus experiences helped them in their careers - International Relations and Cooperation\",\"isPartOf\":{\"@id\":\"https:\/\/internacional.umh.es\/en\/#website\"},\"primaryImageOfPage\":{\"@id\":\"https:\/\/internacional.umh.es\/ca\/2025\/03\/31\/alumni-umh-y-relaciones-internacionales-ponen-en-marcha-un-podcast-con-personas-tituladas-cuya-experiencia-erasmus-les-ayudo-en-su-carrera-profesional\/#primaryimage\"},\"datePublished\":\"2025-03-31T10:32:05+00:00\",\"dateModified\":\"2025-03-31T12:01:06+00:00\",\"author\":{\"@id\":\"https:\/\/internacional.umh.es\/en\/#\/schema\/person\/80d6ddb6a44115a6086bb4a8a0dc2db6\"},\"breadcrumb\":{\"@id\":\"https:\/\/internacional.umh.es\/ca\/2025\/03\/31\/alumni-umh-y-relaciones-internacionales-ponen-en-marcha-un-podcast-con-personas-tituladas-cuya-experiencia-erasmus-les-ayudo-en-su-carrera-profesional\/#breadcrumb\"},\"inLanguage\":\"en-US\",\"potentialAction\":[{\"@type\":\"ReadAction\",\"target\":[\"https:\/\/internacional.umh.es\/ca\/2025\/03\/31\/alumni-umh-y-relaciones-internacionales-ponen-en-marcha-un-podcast-con-personas-tituladas-cuya-experiencia-erasmus-les-ayudo-en-su-carrera-profesional\/\"]}]},{\"@type\":\"BreadcrumbList\",\"@id\":\"https:\/\/internacional.umh.es\/ca\/2025\/03\/31\/alumni-umh-y-relaciones-internacionales-ponen-en-marcha-un-podcast-con-personas-tituladas-cuya-experiencia-erasmus-les-ayudo-en-su-carrera-profesional\/#breadcrumb\",\"itemListElement\":[{\"@type\":\"ListItem\",\"position\":1,\"name\":\"Home\",\"item\":\"https:\/\/internacional.umh.es\/en\/\"},{\"@type\":\"ListItem\",\"position\":2,\"name\":\"(Espa\\u00f1ol) Alumni UMH y Relaciones Internacionales ponen en marcha un podcast con personas tituladas cuya experiencia Erasmus les ayud\\u00f3 en su carrera profesional\"}]},{\"@type\":\"Person\",\"@id\":\"https:\/\/internacional.umh.es\/en\/#\/schema\/person\/80d6ddb6a44115a6086bb4a8a0dc2db6\",\"name\":\"paliaga\",\"image\":{\"@type\":\"ImageObject\",\"@id\":\"https:\/\/internacional.umh.es\/en\/#personlogo\",\"inLanguage\":\"en-US\",\"url\":\"https:\/\/secure.gravatar.com\/avatar\/5baca743863e669ef18bc3c564b897e2?s=96&d=mm&r=g\",\"contentUrl\":\"https:\/\/secure.gravatar.com\/avatar\/5baca743863e669ef18bc3c564b897e2?s=96&d=mm&r=g\",\"caption\":\"paliaga\"},\"url\":\"https:\/\/internacional.umh.es\/en\/author\/paliaga\/\"}]}<\/script>\n<!-- \/ Yoast SEO plugin. -->","yoast_head_json":{"robots":{"index":"index","follow":"follow","max-snippet":"max-snippet:-1","max-image-preview":"max-image-preview:large","max-video-preview":"max-video-preview:-1"},"canonical":"https:\/\/internacional.umh.es\/en\/2025\/03\/31\/alumni-umh-y-relaciones-internacionales-ponen-en-marcha-un-podcast-con-personas-tituladas-cuya-experiencia-erasmus-les-ayudo-en-su-carrera-profesional\/","og_locale":"en_US","og_type":"article","og_title":"Alumni UMH and International Relations launch podcast with graduates whose Erasmus experiences helped them in their careers - International Relations and Cooperation","og_description":"Alumni UMH and the Service of International Relations and Cooperation at this university are proud to launch the \u2018Alumni UMH Global: A World of Opportunities\u2019 podcast. This endeavor aims to interview UMH graduates who undertook Erasmus exchanges and highlight how this type of mobility positively contributed to their professional career advancement. This program is going to [...]","og_url":"https:\/\/internacional.umh.es\/ca\/2025\/03\/31\/alumni-umh-y-relaciones-internacionales-ponen-en-marcha-un-podcast-con-personas-tituladas-cuya-experiencia-erasmus-les-ayudo-en-su-carrera-profesional\/","og_site_name":"International Relations and Cooperation","article_published_time":"2025-03-31T10:32:05+00:00","article_modified_time":"2025-03-31T12:01:06+00:00","og_image":[{"url":"https:\/\/internacional.umh.es\/files\/2025\/03\/PODCAST-ALUMNI_2-300x300.png"}],"twitter_card":"summary_large_image","twitter_misc":{"Written by":"paliaga","Est. reading time":"2 minutes"},"schema":{"@context":"https:\/\/schema.org","@graph":[{"@type":"WebSite","@id":"https:\/\/internacional.umh.es\/en\/#website","url":"https:\/\/internacional.umh.es\/en\/","name":"International Relations and Cooperation","description":"Miguel Hernandez University of Elche","potentialAction":[{"@type":"SearchAction","target":{"@type":"EntryPoint","urlTemplate":"https:\/\/internacional.umh.es\/en\/?s={search_term_string}"},"query-input":"required name=search_term_string"}],"inLanguage":"en-US"},{"@type":"ImageObject","@id":"https:\/\/internacional.umh.es\/ca\/2025\/03\/31\/alumni-umh-y-relaciones-internacionales-ponen-en-marcha-un-podcast-con-personas-tituladas-cuya-experiencia-erasmus-les-ayudo-en-su-carrera-profesional\/#primaryimage","inLanguage":"en-US","url":"https:\/\/internacional.umh.es\/files\/2025\/03\/PODCAST-ALUMNI_2.png","contentUrl":"https:\/\/internacional.umh.es\/files\/2025\/03\/PODCAST-ALUMNI_2.png","width":1080,"height":1080},{"@type":"WebPage","@id":"https:\/\/internacional.umh.es\/ca\/2025\/03\/31\/alumni-umh-y-relaciones-internacionales-ponen-en-marcha-un-podcast-con-personas-tituladas-cuya-experiencia-erasmus-les-ayudo-en-su-carrera-profesional\/#webpage","url":"https:\/\/internacional.umh.es\/ca\/2025\/03\/31\/alumni-umh-y-relaciones-internacionales-ponen-en-marcha-un-podcast-con-personas-tituladas-cuya-experiencia-erasmus-les-ayudo-en-su-carrera-profesional\/","name":"Alumni UMH and International Relations launch podcast with graduates whose Erasmus experiences helped them in their careers - International Relations and Cooperation","isPartOf":{"@id":"https:\/\/internacional.umh.es\/en\/#website"},"primaryImageOfPage":{"@id":"https:\/\/internacional.umh.es\/ca\/2025\/03\/31\/alumni-umh-y-relaciones-internacionales-ponen-en-marcha-un-podcast-con-personas-tituladas-cuya-experiencia-erasmus-les-ayudo-en-su-carrera-profesional\/#primaryimage"},"datePublished":"2025-03-31T10:32:05+00:00","dateModified":"2025-03-31T12:01:06+00:00","author":{"@id":"https:\/\/internacional.umh.es\/en\/#\/schema\/person\/80d6ddb6a44115a6086bb4a8a0dc2db6"},"breadcrumb":{"@id":"https:\/\/internacional.umh.es\/ca\/2025\/03\/31\/alumni-umh-y-relaciones-internacionales-ponen-en-marcha-un-podcast-con-personas-tituladas-cuya-experiencia-erasmus-les-ayudo-en-su-carrera-profesional\/#breadcrumb"},"inLanguage":"en-US","potentialAction":[{"@type":"ReadAction","target":["https:\/\/internacional.umh.es\/ca\/2025\/03\/31\/alumni-umh-y-relaciones-internacionales-ponen-en-marcha-un-podcast-con-personas-tituladas-cuya-experiencia-erasmus-les-ayudo-en-su-carrera-profesional\/"]}]},{"@type":"BreadcrumbList","@id":"https:\/\/internacional.umh.es\/ca\/2025\/03\/31\/alumni-umh-y-relaciones-internacionales-ponen-en-marcha-un-podcast-con-personas-tituladas-cuya-experiencia-erasmus-les-ayudo-en-su-carrera-profesional\/#breadcrumb","itemListElement":[{"@type":"ListItem","position":1,"name":"Home","item":"https:\/\/internacional.umh.es\/en\/"},{"@type":"ListItem","position":2,"name":"(Espa\u00f1ol) Alumni UMH y Relaciones Internacionales ponen en marcha un podcast con personas tituladas cuya experiencia Erasmus les ayud\u00f3 en su carrera profesional"}]},{"@type":"Person","@id":"https:\/\/internacional.umh.es\/en\/#\/schema\/person\/80d6ddb6a44115a6086bb4a8a0dc2db6","name":"paliaga","image":{"@type":"ImageObject","@id":"https:\/\/internacional.umh.es\/en\/#personlogo","inLanguage":"en-US","url":"https:\/\/secure.gravatar.com\/avatar\/5baca743863e669ef18bc3c564b897e2?s=96&d=mm&r=g","contentUrl":"https:\/\/secure.gravatar.com\/avatar\/5baca743863e669ef18bc3c564b897e2?s=96&d=mm&r=g","caption":"paliaga"},"url":"https:\/\/internacional.umh.es\/en\/author\/paliaga\/"}]}},"_links":{"self":[{"href":"https:\/\/internacional.umh.es\/en\/wp-json\/wp\/v2\/posts\/38702"}],"collection":[{"href":"https:\/\/internacional.umh.es\/en\/wp-json\/wp\/v2\/posts"}],"about":[{"href":"https:\/\/internacional.umh.es\/en\/wp-json\/wp\/v2\/types\/post"}],"author":[{"embeddable":true,"href":"https:\/\/internacional.umh.es\/en\/wp-json\/wp\/v2\/users\/28614"}],"replies":[{"embeddable":true,"href":"https:\/\/internacional.umh.es\/en\/wp-json\/wp\/v2\/comments?post=38702"}],"version-history":[{"count":0,"href":"https:\/\/internacional.umh.es\/en\/wp-json\/wp\/v2\/posts\/38702\/revisions"}],"wp:attachment":[{"href":"https:\/\/internacional.umh.es\/en\/wp-json\/wp\/v2\/media?parent=38702"}],"wp:term":[{"taxonomy":"category","embeddable":true,"href":"https:\/\/internacional.umh.es\/en\/wp-json\/wp\/v2\/categories?post=38702"},{"taxonomy":"post_tag","embeddable":true,"href":"https:\/\/internacional.umh.es\/en\/wp-json\/wp\/v2\/tags?post=38702"}],"curies":[{"name":"wp","href":"https:\/\/api.w.org\/{rel}","templated":true}]}}