{"id":39508,"date":"2025-05-19T12:11:30","date_gmt":"2025-05-19T10:11:30","guid":{"rendered":"https:\/\/internacional.umh.es\/?p=39508"},"modified":"2025-05-20T15:51:44","modified_gmt":"2025-05-20T13:51:44","slug":"la-universidad-miguel-hernandez-de-elche-asiste-al-consejo-de-rectores-y-la-asamblea-general-de-neurotecheu-en-alemania","status":"publish","type":"post","link":"https:\/\/internacional.umh.es\/en\/2025\/05\/19\/la-universidad-miguel-hernandez-de-elche-asiste-al-consejo-de-rectores-y-la-asamblea-general-de-neurotecheu-en-alemania\/","title":{"rendered":"Miguel Hern\u00e1ndez University of Elche attends Symposium 2025 and Board of Rectors Meeting of NeurotechEU in Germany"},"content":{"rendered":"<p><\/p>\n<p style=\"text-align: justify\"><em><a href=\"https:\/\/internacional.umh.es\/files\/2025\/05\/BoR_CommonSession_BFro_041-scaled.jpg\"><img loading=\"lazy\" class=\"size-medium wp-image-39523 alignleft\" src=\"https:\/\/internacional.umh.es\/files\/2025\/05\/BoR_CommonSession_BFro_041-300x200.jpg\" alt=\"\" width=\"300\" height=\"200\" srcset=\"https:\/\/internacional.umh.es\/files\/2025\/05\/BoR_CommonSession_BFro_041-300x200.jpg 300w, https:\/\/internacional.umh.es\/files\/2025\/05\/BoR_CommonSession_BFro_041-1024x683.jpg 1024w, https:\/\/internacional.umh.es\/files\/2025\/05\/BoR_CommonSession_BFro_041-768x512.jpg 768w, https:\/\/internacional.umh.es\/files\/2025\/05\/BoR_CommonSession_BFro_041-1536x1024.jpg 1536w, https:\/\/internacional.umh.es\/files\/2025\/05\/BoR_CommonSession_BFro_041-2048x1365.jpg 2048w\" sizes=\"(max-width: 300px) 100vw, 300px\" \/><\/a><\/em>\u2018Ideas. Imagination. Inspiration.\u2019 This was the theme for the 9<sup>th<\/sup> Board of Rectors Meeting of The European University of Brain and Technology\u2013NeurotechEU. This event was hosted by the University of Bonn (Germany) May 13 &#8211; 15, simultaneously along with the NeurotechEU Symposium 2025. These events attracted over 150 people among alliance personnel and students. The Miguel Hern\u00e1ndez University of Elche (UMH), which currently holds the presidency of the Board of Rectors, was represented by Vice Rector for Internationalization and Cooperation, Vicente Micol; the leader of NeurotechEU at the UMH and Director of the Institute of Neurosciences (UMH-CSIC), Juana Gallar; and Director of the Service of International Relations and Cooperation, Inmaculada Blaya.<\/p>\n<p style=\"text-align: justify\">During the meeting by the delegations from the partner universities of the NeurotechEU alliance, Medical University of Innsbruck (Austria) confirmed its upcoming incorporation into the alliance. The Rector-elect of that institution, Gert Mayer, presented the institution, highlighting its strengths and its future contributions to the alliance, among other things, in addition to its close connection between basic science and clinical &amp; applied research in neuroscience and molecular biology.<\/p>\n<p style=\"text-align: justify\">UMH personnel at work meetings in Bonn also included Deputy Vice Rector for Research &#8211; Management of Research and Director of the Brain-Machine Interface Systems Lab at the University Institute for Engineering Research (I3E-UMH), Jos\u00e9 Mar\u00eda Azor\u00edn; Deputy Vice Rector for Institutional Position &amp; Rankings, Jos\u00e9 Manuel Blanes, who is also a participant in the work package promoting mobility between the alliance\u2019s partner universities. Attending as a UMH representative in the work package dedicated to developing common strategies and policies was Professor of Food Technology, Esther Sendra; and researcher at I3E-UMH, Eduardo I\u00e1\u00f1ez, who is also a member in the work group dedicated to developing the academic program in neurotechnology for the alliance. Other local representatives included technician in applications from the Service of Technological Innovation and Planning, V\u00edctor \u00c1lvarez; the head of communication by NeurotechEU at the UMH, J\u00falia Santacreu; doctoral student, Jesica Mart\u00ednez; and UMH representative on the NeurotechEU Student Council, Desir\u00e9e Gracia.<\/p>\n<p style=\"text-align: justify\">In Bonn, student representatives from the alliance presented an artistic project in which Student Council members from each member university of NeurotechEU showcased a different part of the brain. Presenting on behalf of the UMH were Desir\u00e9e Gracia and Jesica Mart\u00ednez, and they focused on some of the lesser-known functions of the cerebellum that are related to paying attention. To illustrate this, they prepared an interactive questionnaire.<\/p>\n<p style=\"text-align: justify\">The NeurotechEU European Alliance is a project co-funded by the Erasmus+ program of the European Union that aims to provide the scientific community with higher education and research focused on neurotechnology, the goal of which is addressing health issues related to neuroscience and mental health through affordable technologies. Besides the UMH, the NeurotechEU alliance includes seven other universities: Radboud University, the Netherlands; Karolinska Institutet, Sweden; University of Bonn, Germany; Bo\u011fazi\u00e7i University, T\u00fcrkiye; Universitatea de Medicin\u0103 \u0219i Farmacie din Cluj-Napoca, Romania; University of Lille, France; and the University of Reykjavik, Iceland.<\/p>\n<p>&nbsp;<\/p>\n<p>&nbsp;<\/p>\n<p>&nbsp;<\/p>","protected":false},"excerpt":{"rendered":"<p>\u2018Ideas. Imagination. Inspiration.\u2019 This was the theme for the 9th Board of Rectors Meeting of The European University of Brain and Technology\u2013NeurotechEU. This event was hosted by the University of Bonn (Germany) May 13 &#8211; 15, simultaneously along with the NeurotechEU Symposium 2025. These events attracted over 150 people among alliance personnel and students. The [&#8230;]<\/p>\n","protected":false},"author":28614,"featured_media":0,"comment_status":"closed","ping_status":"closed","sticky":false,"template":"","format":"standard","meta":{"ngg_post_thumbnail":0,"_links_to":"","_links_to_target":""},"categories":[284294],"tags":[],"yoast_head":"<!-- This site is optimized with the Yoast SEO plugin v17.5 - https:\/\/yoast.com\/wordpress\/plugins\/seo\/ -->\n<meta name=\"robots\" content=\"index, follow, max-snippet:-1, max-image-preview:large, max-video-preview:-1\" \/>\n<link rel=\"canonical\" href=\"https:\/\/internacional.umh.es\/en\/2025\/05\/19\/la-universidad-miguel-hernandez-de-elche-asiste-al-consejo-de-rectores-y-la-asamblea-general-de-neurotecheu-en-alemania\/\" \/>\n<meta property=\"og:locale\" content=\"en_US\" \/>\n<meta property=\"og:type\" content=\"article\" \/>\n<meta property=\"og:title\" content=\"Miguel Hern\u00e1ndez University of Elche attends Symposium 2025 and Board of Rectors Meeting of NeurotechEU in Germany - International Relations and Cooperation\" \/>\n<meta property=\"og:description\" content=\"\u2018Ideas. Imagination. Inspiration.\u2019 This was the theme for the 9th Board of Rectors Meeting of The European University of Brain and Technology\u2013NeurotechEU. This event was hosted by the University of Bonn (Germany) May 13 &#8211; 15, simultaneously along with the NeurotechEU Symposium 2025. These events attracted over 150 people among alliance personnel and students. The [...]\" \/>\n<meta property=\"og:url\" content=\"https:\/\/internacional.umh.es\/2025\/05\/19\/la-universidad-miguel-hernandez-de-elche-asiste-al-consejo-de-rectores-y-la-asamblea-general-de-neurotecheu-en-alemania\/\" \/>\n<meta property=\"og:site_name\" content=\"International Relations and Cooperation\" \/>\n<meta property=\"article:published_time\" content=\"2025-05-19T10:11:30+00:00\" \/>\n<meta property=\"article:modified_time\" content=\"2025-05-20T13:51:44+00:00\" \/>\n<meta property=\"og:image\" content=\"https:\/\/internacional.umh.es\/files\/2025\/05\/BoR_CommonSession_BFro_041-300x200.jpg\" \/>\n<meta name=\"twitter:card\" content=\"summary_large_image\" \/>\n<meta name=\"twitter:label1\" content=\"Written by\" \/>\n\t<meta name=\"twitter:data1\" content=\"paliaga\" \/>\n\t<meta name=\"twitter:label2\" content=\"Est. reading time\" \/>\n\t<meta name=\"twitter:data2\" content=\"6 minutes\" \/>\n<script type=\"application\/ld+json\" class=\"yoast-schema-graph\">{\"@context\":\"https:\/\/schema.org\",\"@graph\":[{\"@type\":\"WebSite\",\"@id\":\"https:\/\/internacional.umh.es\/en\/#website\",\"url\":\"https:\/\/internacional.umh.es\/en\/\",\"name\":\"International Relations and Cooperation\",\"description\":\"Miguel Hernandez University of Elche\",\"potentialAction\":[{\"@type\":\"SearchAction\",\"target\":{\"@type\":\"EntryPoint\",\"urlTemplate\":\"https:\/\/internacional.umh.es\/en\/?s={search_term_string}\"},\"query-input\":\"required name=search_term_string\"}],\"inLanguage\":\"en-US\"},{\"@type\":\"ImageObject\",\"@id\":\"https:\/\/internacional.umh.es\/2025\/05\/19\/la-universidad-miguel-hernandez-de-elche-asiste-al-consejo-de-rectores-y-la-asamblea-general-de-neurotecheu-en-alemania\/#primaryimage\",\"inLanguage\":\"en-US\",\"url\":\"https:\/\/internacional.umh.es\/files\/2025\/05\/BoR_CommonSession_BFro_041-300x200.jpg\",\"contentUrl\":\"https:\/\/internacional.umh.es\/files\/2025\/05\/BoR_CommonSession_BFro_041-300x200.jpg\"},{\"@type\":\"WebPage\",\"@id\":\"https:\/\/internacional.umh.es\/2025\/05\/19\/la-universidad-miguel-hernandez-de-elche-asiste-al-consejo-de-rectores-y-la-asamblea-general-de-neurotecheu-en-alemania\/#webpage\",\"url\":\"https:\/\/internacional.umh.es\/2025\/05\/19\/la-universidad-miguel-hernandez-de-elche-asiste-al-consejo-de-rectores-y-la-asamblea-general-de-neurotecheu-en-alemania\/\",\"name\":\"Miguel Hern\\u00e1ndez University of Elche attends Symposium 2025 and Board of Rectors Meeting of NeurotechEU in Germany - International Relations and Cooperation\",\"isPartOf\":{\"@id\":\"https:\/\/internacional.umh.es\/en\/#website\"},\"primaryImageOfPage\":{\"@id\":\"https:\/\/internacional.umh.es\/2025\/05\/19\/la-universidad-miguel-hernandez-de-elche-asiste-al-consejo-de-rectores-y-la-asamblea-general-de-neurotecheu-en-alemania\/#primaryimage\"},\"datePublished\":\"2025-05-19T10:11:30+00:00\",\"dateModified\":\"2025-05-20T13:51:44+00:00\",\"author\":{\"@id\":\"https:\/\/internacional.umh.es\/en\/#\/schema\/person\/80d6ddb6a44115a6086bb4a8a0dc2db6\"},\"breadcrumb\":{\"@id\":\"https:\/\/internacional.umh.es\/2025\/05\/19\/la-universidad-miguel-hernandez-de-elche-asiste-al-consejo-de-rectores-y-la-asamblea-general-de-neurotecheu-en-alemania\/#breadcrumb\"},\"inLanguage\":\"en-US\",\"potentialAction\":[{\"@type\":\"ReadAction\",\"target\":[\"https:\/\/internacional.umh.es\/2025\/05\/19\/la-universidad-miguel-hernandez-de-elche-asiste-al-consejo-de-rectores-y-la-asamblea-general-de-neurotecheu-en-alemania\/\"]}]},{\"@type\":\"BreadcrumbList\",\"@id\":\"https:\/\/internacional.umh.es\/2025\/05\/19\/la-universidad-miguel-hernandez-de-elche-asiste-al-consejo-de-rectores-y-la-asamblea-general-de-neurotecheu-en-alemania\/#breadcrumb\",\"itemListElement\":[{\"@type\":\"ListItem\",\"position\":1,\"name\":\"Home\",\"item\":\"https:\/\/internacional.umh.es\/en\/\"},{\"@type\":\"ListItem\",\"position\":2,\"name\":\"La Universidad Miguel Hern\\u00e1ndez de Elche asiste al Consejo de Rectores y la Asamblea General de NeurotechEU en Alemania\"}]},{\"@type\":\"Person\",\"@id\":\"https:\/\/internacional.umh.es\/en\/#\/schema\/person\/80d6ddb6a44115a6086bb4a8a0dc2db6\",\"name\":\"paliaga\",\"image\":{\"@type\":\"ImageObject\",\"@id\":\"https:\/\/internacional.umh.es\/en\/#personlogo\",\"inLanguage\":\"en-US\",\"url\":\"https:\/\/secure.gravatar.com\/avatar\/5baca743863e669ef18bc3c564b897e2?s=96&d=mm&r=g\",\"contentUrl\":\"https:\/\/secure.gravatar.com\/avatar\/5baca743863e669ef18bc3c564b897e2?s=96&d=mm&r=g\",\"caption\":\"paliaga\"},\"url\":\"https:\/\/internacional.umh.es\/en\/author\/paliaga\/\"}]}<\/script>\n<!-- \/ Yoast SEO plugin. -->","yoast_head_json":{"robots":{"index":"index","follow":"follow","max-snippet":"max-snippet:-1","max-image-preview":"max-image-preview:large","max-video-preview":"max-video-preview:-1"},"canonical":"https:\/\/internacional.umh.es\/en\/2025\/05\/19\/la-universidad-miguel-hernandez-de-elche-asiste-al-consejo-de-rectores-y-la-asamblea-general-de-neurotecheu-en-alemania\/","og_locale":"en_US","og_type":"article","og_title":"Miguel Hern\u00e1ndez University of Elche attends Symposium 2025 and Board of Rectors Meeting of NeurotechEU in Germany - International Relations and Cooperation","og_description":"\u2018Ideas. Imagination. Inspiration.\u2019 This was the theme for the 9th Board of Rectors Meeting of The European University of Brain and Technology\u2013NeurotechEU. This event was hosted by the University of Bonn (Germany) May 13 &#8211; 15, simultaneously along with the NeurotechEU Symposium 2025. These events attracted over 150 people among alliance personnel and students. The [...]","og_url":"https:\/\/internacional.umh.es\/2025\/05\/19\/la-universidad-miguel-hernandez-de-elche-asiste-al-consejo-de-rectores-y-la-asamblea-general-de-neurotecheu-en-alemania\/","og_site_name":"International Relations and Cooperation","article_published_time":"2025-05-19T10:11:30+00:00","article_modified_time":"2025-05-20T13:51:44+00:00","og_image":[{"url":"https:\/\/internacional.umh.es\/files\/2025\/05\/BoR_CommonSession_BFro_041-300x200.jpg"}],"twitter_card":"summary_large_image","twitter_misc":{"Written by":"paliaga","Est. reading time":"6 minutes"},"schema":{"@context":"https:\/\/schema.org","@graph":[{"@type":"WebSite","@id":"https:\/\/internacional.umh.es\/en\/#website","url":"https:\/\/internacional.umh.es\/en\/","name":"International Relations and Cooperation","description":"Miguel Hernandez University of Elche","potentialAction":[{"@type":"SearchAction","target":{"@type":"EntryPoint","urlTemplate":"https:\/\/internacional.umh.es\/en\/?s={search_term_string}"},"query-input":"required name=search_term_string"}],"inLanguage":"en-US"},{"@type":"ImageObject","@id":"https:\/\/internacional.umh.es\/2025\/05\/19\/la-universidad-miguel-hernandez-de-elche-asiste-al-consejo-de-rectores-y-la-asamblea-general-de-neurotecheu-en-alemania\/#primaryimage","inLanguage":"en-US","url":"https:\/\/internacional.umh.es\/files\/2025\/05\/BoR_CommonSession_BFro_041-300x200.jpg","contentUrl":"https:\/\/internacional.umh.es\/files\/2025\/05\/BoR_CommonSession_BFro_041-300x200.jpg"},{"@type":"WebPage","@id":"https:\/\/internacional.umh.es\/2025\/05\/19\/la-universidad-miguel-hernandez-de-elche-asiste-al-consejo-de-rectores-y-la-asamblea-general-de-neurotecheu-en-alemania\/#webpage","url":"https:\/\/internacional.umh.es\/2025\/05\/19\/la-universidad-miguel-hernandez-de-elche-asiste-al-consejo-de-rectores-y-la-asamblea-general-de-neurotecheu-en-alemania\/","name":"Miguel Hern\u00e1ndez University of Elche attends Symposium 2025 and Board of Rectors Meeting of NeurotechEU in Germany - International Relations and Cooperation","isPartOf":{"@id":"https:\/\/internacional.umh.es\/en\/#website"},"primaryImageOfPage":{"@id":"https:\/\/internacional.umh.es\/2025\/05\/19\/la-universidad-miguel-hernandez-de-elche-asiste-al-consejo-de-rectores-y-la-asamblea-general-de-neurotecheu-en-alemania\/#primaryimage"},"datePublished":"2025-05-19T10:11:30+00:00","dateModified":"2025-05-20T13:51:44+00:00","author":{"@id":"https:\/\/internacional.umh.es\/en\/#\/schema\/person\/80d6ddb6a44115a6086bb4a8a0dc2db6"},"breadcrumb":{"@id":"https:\/\/internacional.umh.es\/2025\/05\/19\/la-universidad-miguel-hernandez-de-elche-asiste-al-consejo-de-rectores-y-la-asamblea-general-de-neurotecheu-en-alemania\/#breadcrumb"},"inLanguage":"en-US","potentialAction":[{"@type":"ReadAction","target":["https:\/\/internacional.umh.es\/2025\/05\/19\/la-universidad-miguel-hernandez-de-elche-asiste-al-consejo-de-rectores-y-la-asamblea-general-de-neurotecheu-en-alemania\/"]}]},{"@type":"BreadcrumbList","@id":"https:\/\/internacional.umh.es\/2025\/05\/19\/la-universidad-miguel-hernandez-de-elche-asiste-al-consejo-de-rectores-y-la-asamblea-general-de-neurotecheu-en-alemania\/#breadcrumb","itemListElement":[{"@type":"ListItem","position":1,"name":"Home","item":"https:\/\/internacional.umh.es\/en\/"},{"@type":"ListItem","position":2,"name":"La Universidad Miguel Hern\u00e1ndez de Elche asiste al Consejo de Rectores y la Asamblea General de NeurotechEU en Alemania"}]},{"@type":"Person","@id":"https:\/\/internacional.umh.es\/en\/#\/schema\/person\/80d6ddb6a44115a6086bb4a8a0dc2db6","name":"paliaga","image":{"@type":"ImageObject","@id":"https:\/\/internacional.umh.es\/en\/#personlogo","inLanguage":"en-US","url":"https:\/\/secure.gravatar.com\/avatar\/5baca743863e669ef18bc3c564b897e2?s=96&d=mm&r=g","contentUrl":"https:\/\/secure.gravatar.com\/avatar\/5baca743863e669ef18bc3c564b897e2?s=96&d=mm&r=g","caption":"paliaga"},"url":"https:\/\/internacional.umh.es\/en\/author\/paliaga\/"}]}},"_links":{"self":[{"href":"https:\/\/internacional.umh.es\/en\/wp-json\/wp\/v2\/posts\/39508"}],"collection":[{"href":"https:\/\/internacional.umh.es\/en\/wp-json\/wp\/v2\/posts"}],"about":[{"href":"https:\/\/internacional.umh.es\/en\/wp-json\/wp\/v2\/types\/post"}],"author":[{"embeddable":true,"href":"https:\/\/internacional.umh.es\/en\/wp-json\/wp\/v2\/users\/28614"}],"replies":[{"embeddable":true,"href":"https:\/\/internacional.umh.es\/en\/wp-json\/wp\/v2\/comments?post=39508"}],"version-history":[{"count":0,"href":"https:\/\/internacional.umh.es\/en\/wp-json\/wp\/v2\/posts\/39508\/revisions"}],"wp:attachment":[{"href":"https:\/\/internacional.umh.es\/en\/wp-json\/wp\/v2\/media?parent=39508"}],"wp:term":[{"taxonomy":"category","embeddable":true,"href":"https:\/\/internacional.umh.es\/en\/wp-json\/wp\/v2\/categories?post=39508"},{"taxonomy":"post_tag","embeddable":true,"href":"https:\/\/internacional.umh.es\/en\/wp-json\/wp\/v2\/tags?post=39508"}],"curies":[{"name":"wp","href":"https:\/\/api.w.org\/{rel}","templated":true}]}}