{"id":39562,"date":"2025-05-26T14:01:51","date_gmt":"2025-05-26T12:01:51","guid":{"rendered":"https:\/\/internacional.umh.es\/?p=39562"},"modified":"2025-05-29T10:41:03","modified_gmt":"2025-05-29T08:41:03","slug":"la-semana-internacional-mas-numerosa-organizada-por-la-umh-concluye-con-una-exitosa-participacion-de-universidades-internacionales","status":"publish","type":"post","link":"https:\/\/internacional.umh.es\/en\/2025\/05\/26\/la-semana-internacional-mas-numerosa-organizada-por-la-umh-concluye-con-una-exitosa-participacion-de-universidades-internacionales\/","title":{"rendered":"International Staff Week hosted by UMH concludes successfully with largest participation by foreign universities"},"content":{"rendered":"<p><\/p>\n<p style=\"text-align: justify\"><span style=\"font-weight: 400\"><a href=\"https:\/\/internacional.umh.es\/files\/2025\/05\/IMG_7373-scaled.jpg\"><img loading=\"lazy\" class=\"size-medium wp-image-39568 alignleft\" src=\"https:\/\/internacional.umh.es\/files\/2025\/05\/IMG_7373-300x169.jpg\" alt=\"\" width=\"300\" height=\"169\" srcset=\"https:\/\/internacional.umh.es\/files\/2025\/05\/IMG_7373-300x169.jpg 300w, https:\/\/internacional.umh.es\/files\/2025\/05\/IMG_7373-1024x575.jpg 1024w, https:\/\/internacional.umh.es\/files\/2025\/05\/IMG_7373-768x431.jpg 768w, https:\/\/internacional.umh.es\/files\/2025\/05\/IMG_7373-1536x863.jpg 1536w, https:\/\/internacional.umh.es\/files\/2025\/05\/IMG_7373-2048x1150.jpg 2048w\" sizes=\"(max-width: 300px) 100vw, 300px\" \/><\/a>Throughout the week of May 19 &#8211; 23, 2025, 44 invited guests representing 34 foreign universities and 22 countries took part in the 5th International Staff Week at the Miguel Hern\u00e1ndez University of Elche (UMH). ISW is a biennial event filled with educational and cultural activities that aim to consolidate alliances and present the UMH as a strong and appealing institution to its foreign peers.<\/span><\/p>\n<p style=\"text-align: justify\"><span style=\"font-weight: 400\">This edition marked the largest staff week, in terms of the number of participants, ever hosted by the UMH. The event got underway Monday afternoon for the 44 invited guests with a welcome and presentation of the university given by UMH Vice Rector for Internationalization and Cooperation, Vicente Micol, along with the Director of Service of International Relations and Cooperation, Inma Blaya. A brief tour of the Elche Campus followed the welcome, and then the first day concluded with a show cooking session featuring local gastronomy given by Bon Menjar Catering.<\/span><\/p>\n<p style=\"text-align: justify\"><span style=\"font-weight: 400\">Tuesday opened with a networking session organized by the Service of International Relations and Cooperation. This was followed by a health break for some fun exercise that was led by the Office for Healthy Campuses and Sports.<\/span><\/p>\n<p style=\"text-align: justify\"><span style=\"font-weight: 400\">Deputy Vice Rector for Internationalization, Alberto Rodr\u00edguez, gave a presentation on UMH COIL (Collaborative Online International Learning) projects. In the afternoon, the participants enjoyed a guided walking tour of the historical Elche city center.<\/span><\/p>\n<p style=\"text-align: justify\"><span style=\"font-weight: 400\">On Wednesday, the spotlight was on radio, featuring a program highlighting the importance of Erasmus+ mobilities and events like International Staff Week. In the afternoon, the activities moved to the Clot de Galvany, one of the most important natural parks in the Valencian Community.<\/span><\/p>\n<p style=\"text-align: justify\"><span style=\"font-weight: 400\">On Thursday, meetings with university services continued, which was followed by a tasting of local food and drink, which included local tomatoes, dates, and fondill\u00f3n wine, at the Orihuela Desamparados Campus. On Thursday evening, an engaging hands-on flamenco caj\u00f3n workshop at the Pla\u00e7a de Baix venue delighted the foreign guests, showcasing a unique aspect of Spanish culture.<\/span><\/p>\n<p style=\"text-align: justify\"><span style=\"font-weight: 400\">Moreover, Wednesday and Thursday alike afforded opportunities for 30 UMH services, faculties, schools, departments, and research institutes to exchange ideas and best practices with the foreign university representatives, as well as to present home-based internationalization projects.<\/span><\/p>\n<p style=\"text-align: justify\"><span style=\"font-weight: 400\">Finally, the activities wrapped up on Friday morning with another networking session, designed to strengthen connections between the UMH and the university guests from countries that included Hungary, Rwanda, Poland, and Costa Rica, among many others. A university tuna singing group also performed for the guests, and their songs inspired spontaneous dancing by nearly everybody present.<\/span><\/p>\n<p style=\"text-align: justify\"><span style=\"font-weight: 400\">International Staff Week is part of the Erasmus+ program, offering an opportunity to enhance UMH internationalization by empowering the skills and capabilities of its faculty and administrative staff within the framework of the European Union.<\/span><\/p>\n<p><a href=\"https:\/\/internacional.umh.es\/files\/2025\/05\/LOGO-ERASMUS-co-funded-EN.png\"><img loading=\"lazy\" class=\"size-medium wp-image-39586 alignleft\" src=\"https:\/\/internacional.umh.es\/files\/2025\/05\/LOGO-ERASMUS-co-funded-EN-300x65.png\" alt=\"\" width=\"300\" height=\"65\" srcset=\"https:\/\/internacional.umh.es\/files\/2025\/05\/LOGO-ERASMUS-co-funded-EN-300x65.png 300w, https:\/\/internacional.umh.es\/files\/2025\/05\/LOGO-ERASMUS-co-funded-EN-1024x223.png 1024w, https:\/\/internacional.umh.es\/files\/2025\/05\/LOGO-ERASMUS-co-funded-EN-768x167.png 768w, https:\/\/internacional.umh.es\/files\/2025\/05\/LOGO-ERASMUS-co-funded-EN-1536x335.png 1536w, https:\/\/internacional.umh.es\/files\/2025\/05\/LOGO-ERASMUS-co-funded-EN.png 1720w\" sizes=\"(max-width: 300px) 100vw, 300px\" \/><\/a><\/p>\n<p>&nbsp;<\/p>\n<p>&nbsp;<\/p>\n<p>\n\t\t<style type=\"text\/css\">\n\t\t\t#gallery-2 {\n\t\t\t\tmargin: auto;\n\t\t\t}\n\t\t\t#gallery-2 .gallery-item {\n\t\t\t\tfloat: left;\n\t\t\t\tmargin-top: 10px;\n\t\t\t\ttext-align: center;\n\t\t\t\twidth: 20%;\n\t\t\t}\n\t\t\t#gallery-2 img {\n\t\t\t\tborder: 2px solid #cfcfcf;\n\t\t\t}\n\t\t\t#gallery-2 .gallery-caption {\n\t\t\t\tmargin-left: 0;\n\t\t\t}\n\t\t\t\/* see gallery_shortcode() in wp-includes\/media.php *\/\n\t\t<\/style>\n\t\t<div id='gallery-2' class='gallery galleryid-39562 gallery-columns-5 gallery-size-medium'><dl class='gallery-item'>\n\t\t\t<dt class='gallery-icon landscape'>\n\t\t\t\t<a href='https:\/\/internacional.umh.es\/en\/2025\/05\/26\/la-semana-internacional-mas-numerosa-organizada-por-la-umh-concluye-con-una-exitosa-participacion-de-universidades-internacionales\/img_7341-1\/'><img width=\"300\" height=\"169\" src=\"https:\/\/internacional.umh.es\/files\/2025\/05\/IMG_7341-1-300x169.jpg\" class=\"attachment-medium size-medium\" alt=\"\" loading=\"lazy\" srcset=\"https:\/\/internacional.umh.es\/files\/2025\/05\/IMG_7341-1-300x169.jpg 300w, https:\/\/internacional.umh.es\/files\/2025\/05\/IMG_7341-1-1024x575.jpg 1024w, https:\/\/internacional.umh.es\/files\/2025\/05\/IMG_7341-1-768x431.jpg 768w, https:\/\/internacional.umh.es\/files\/2025\/05\/IMG_7341-1-1536x863.jpg 1536w, https:\/\/internacional.umh.es\/files\/2025\/05\/IMG_7341-1-2048x1150.jpg 2048w\" sizes=\"(max-width: 300px) 100vw, 300px\" \/><\/a>\n\t\t\t<\/dt><\/dl><dl class='gallery-item'>\n\t\t\t<dt class='gallery-icon landscape'>\n\t\t\t\t<a href='https:\/\/internacional.umh.es\/en\/2025\/05\/26\/la-semana-internacional-mas-numerosa-organizada-por-la-umh-concluye-con-una-exitosa-participacion-de-universidades-internacionales\/img_7568\/'><img width=\"300\" height=\"160\" src=\"https:\/\/internacional.umh.es\/files\/2025\/05\/IMG_7568-300x160.jpg\" class=\"attachment-medium size-medium\" alt=\"\" loading=\"lazy\" srcset=\"https:\/\/internacional.umh.es\/files\/2025\/05\/IMG_7568-300x160.jpg 300w, https:\/\/internacional.umh.es\/files\/2025\/05\/IMG_7568-1024x546.jpg 1024w, https:\/\/internacional.umh.es\/files\/2025\/05\/IMG_7568-768x410.jpg 768w, https:\/\/internacional.umh.es\/files\/2025\/05\/IMG_7568-1536x820.jpg 1536w, https:\/\/internacional.umh.es\/files\/2025\/05\/IMG_7568-2048x1093.jpg 2048w\" sizes=\"(max-width: 300px) 100vw, 300px\" \/><\/a>\n\t\t\t<\/dt><\/dl><dl class='gallery-item'>\n\t\t\t<dt class='gallery-icon landscape'>\n\t\t\t\t<a href='https:\/\/internacional.umh.es\/en\/2025\/05\/26\/la-semana-internacional-mas-numerosa-organizada-por-la-umh-concluye-con-una-exitosa-participacion-de-universidades-internacionales\/img_7276-1\/'><img width=\"300\" height=\"169\" src=\"https:\/\/internacional.umh.es\/files\/2025\/05\/IMG_7276-1-300x169.jpg\" class=\"attachment-medium size-medium\" alt=\"\" loading=\"lazy\" srcset=\"https:\/\/internacional.umh.es\/files\/2025\/05\/IMG_7276-1-300x169.jpg 300w, https:\/\/internacional.umh.es\/files\/2025\/05\/IMG_7276-1-1024x575.jpg 1024w, https:\/\/internacional.umh.es\/files\/2025\/05\/IMG_7276-1-768x431.jpg 768w, https:\/\/internacional.umh.es\/files\/2025\/05\/IMG_7276-1-1536x863.jpg 1536w, https:\/\/internacional.umh.es\/files\/2025\/05\/IMG_7276-1-2048x1150.jpg 2048w\" sizes=\"(max-width: 300px) 100vw, 300px\" \/><\/a>\n\t\t\t<\/dt><\/dl><dl class='gallery-item'>\n\t\t\t<dt class='gallery-icon landscape'>\n\t\t\t\t<a href='https:\/\/internacional.umh.es\/en\/2025\/05\/26\/la-semana-internacional-mas-numerosa-organizada-por-la-umh-concluye-con-una-exitosa-participacion-de-universidades-internacionales\/img_7130\/'><img width=\"300\" height=\"173\" src=\"https:\/\/internacional.umh.es\/files\/2025\/05\/IMG_7130-300x173.jpg\" class=\"attachment-medium size-medium\" alt=\"\" loading=\"lazy\" srcset=\"https:\/\/internacional.umh.es\/files\/2025\/05\/IMG_7130-300x173.jpg 300w, https:\/\/internacional.umh.es\/files\/2025\/05\/IMG_7130-1024x590.jpg 1024w, https:\/\/internacional.umh.es\/files\/2025\/05\/IMG_7130-768x443.jpg 768w, https:\/\/internacional.umh.es\/files\/2025\/05\/IMG_7130-1536x885.jpg 1536w, https:\/\/internacional.umh.es\/files\/2025\/05\/IMG_7130-2048x1180.jpg 2048w\" sizes=\"(max-width: 300px) 100vw, 300px\" \/><\/a>\n\t\t\t<\/dt><\/dl><dl class='gallery-item'>\n\t\t\t<dt class='gallery-icon landscape'>\n\t\t\t\t<a href='https:\/\/internacional.umh.es\/en\/2025\/05\/26\/la-semana-internacional-mas-numerosa-organizada-por-la-umh-concluye-con-una-exitosa-participacion-de-universidades-internacionales\/img_7182\/'><img width=\"300\" height=\"169\" src=\"https:\/\/internacional.umh.es\/files\/2025\/05\/IMG_7182-300x169.jpg\" class=\"attachment-medium size-medium\" alt=\"\" loading=\"lazy\" srcset=\"https:\/\/internacional.umh.es\/files\/2025\/05\/IMG_7182-300x169.jpg 300w, https:\/\/internacional.umh.es\/files\/2025\/05\/IMG_7182-1024x575.jpg 1024w, https:\/\/internacional.umh.es\/files\/2025\/05\/IMG_7182-768x431.jpg 768w, https:\/\/internacional.umh.es\/files\/2025\/05\/IMG_7182-1536x863.jpg 1536w, https:\/\/internacional.umh.es\/files\/2025\/05\/IMG_7182-2048x1150.jpg 2048w\" sizes=\"(max-width: 300px) 100vw, 300px\" \/><\/a>\n\t\t\t<\/dt><\/dl><br style=\"clear: both\" \/>\n\t\t<\/div>\n<\/p>","protected":false},"excerpt":{"rendered":"<p>Throughout the week of May 19 &#8211; 23, 2025, 44 invited guests representing 34 foreign universities and 22 countries took part in the 5th International Staff Week at the Miguel Hern\u00e1ndez University of Elche (UMH). ISW is a biennial event filled with educational and cultural activities that aim to consolidate alliances and present the UMH [&#8230;]<\/p>\n","protected":false},"author":28614,"featured_media":0,"comment_status":"closed","ping_status":"closed","sticky":false,"template":"","format":"standard","meta":{"ngg_post_thumbnail":0,"_links_to":"","_links_to_target":""},"categories":[1490518],"tags":[],"yoast_head":"<!-- This site is optimized with the Yoast SEO plugin v17.5 - https:\/\/yoast.com\/wordpress\/plugins\/seo\/ -->\n<meta name=\"robots\" content=\"index, follow, max-snippet:-1, max-image-preview:large, max-video-preview:-1\" \/>\n<link rel=\"canonical\" href=\"https:\/\/internacional.umh.es\/en\/2025\/05\/26\/la-semana-internacional-mas-numerosa-organizada-por-la-umh-concluye-con-una-exitosa-participacion-de-universidades-internacionales\/\" \/>\n<meta property=\"og:locale\" content=\"en_US\" \/>\n<meta property=\"og:type\" content=\"article\" \/>\n<meta property=\"og:title\" content=\"International Staff Week hosted by UMH concludes successfully with largest participation by foreign universities - International Relations and Cooperation\" \/>\n<meta property=\"og:description\" content=\"Throughout the week of May 19 &#8211; 23, 2025, 44 invited guests representing 34 foreign universities and 22 countries took part in the 5th International Staff Week at the Miguel Hern\u00e1ndez University of Elche (UMH). ISW is a biennial event filled with educational and cultural activities that aim to consolidate alliances and present the UMH [...]\" \/>\n<meta property=\"og:url\" content=\"https:\/\/internacional.umh.es\/en\/2025\/05\/26\/la-semana-internacional-mas-numerosa-organizada-por-la-umh-concluye-con-una-exitosa-participacion-de-universidades-internacionales\/\" \/>\n<meta property=\"og:site_name\" content=\"International Relations and Cooperation\" \/>\n<meta property=\"article:published_time\" content=\"2025-05-26T12:01:51+00:00\" \/>\n<meta property=\"article:modified_time\" content=\"2025-05-29T08:41:03+00:00\" \/>\n<meta property=\"og:image\" content=\"https:\/\/internacional.umh.es\/files\/2025\/05\/IMG_7182-300x169.jpg\" \/>\n<meta name=\"twitter:card\" content=\"summary_large_image\" \/>\n<meta name=\"twitter:label1\" content=\"Written by\" \/>\n\t<meta name=\"twitter:data1\" content=\"paliaga\" \/>\n\t<meta name=\"twitter:label2\" content=\"Est. reading time\" \/>\n\t<meta name=\"twitter:data2\" content=\"5 minutes\" \/>\n<script type=\"application\/ld+json\" class=\"yoast-schema-graph\">{\"@context\":\"https:\/\/schema.org\",\"@graph\":[{\"@type\":\"WebSite\",\"@id\":\"https:\/\/internacional.umh.es\/en\/#website\",\"url\":\"https:\/\/internacional.umh.es\/en\/\",\"name\":\"International Relations and Cooperation\",\"description\":\"Miguel Hernandez University of Elche\",\"potentialAction\":[{\"@type\":\"SearchAction\",\"target\":{\"@type\":\"EntryPoint\",\"urlTemplate\":\"https:\/\/internacional.umh.es\/en\/?s={search_term_string}\"},\"query-input\":\"required name=search_term_string\"}],\"inLanguage\":\"en-US\"},{\"@type\":\"ImageObject\",\"@id\":\"https:\/\/internacional.umh.es\/en\/2025\/05\/26\/la-semana-internacional-mas-numerosa-organizada-por-la-umh-concluye-con-una-exitosa-participacion-de-universidades-internacionales\/#primaryimage\",\"inLanguage\":\"en-US\",\"url\":\"https:\/\/internacional.umh.es\/files\/2025\/05\/IMG_7373-300x169.jpg\",\"contentUrl\":\"https:\/\/internacional.umh.es\/files\/2025\/05\/IMG_7373-300x169.jpg\"},{\"@type\":\"WebPage\",\"@id\":\"https:\/\/internacional.umh.es\/en\/2025\/05\/26\/la-semana-internacional-mas-numerosa-organizada-por-la-umh-concluye-con-una-exitosa-participacion-de-universidades-internacionales\/#webpage\",\"url\":\"https:\/\/internacional.umh.es\/en\/2025\/05\/26\/la-semana-internacional-mas-numerosa-organizada-por-la-umh-concluye-con-una-exitosa-participacion-de-universidades-internacionales\/\",\"name\":\"International Staff Week hosted by UMH concludes successfully with largest participation by foreign universities - International Relations and Cooperation\",\"isPartOf\":{\"@id\":\"https:\/\/internacional.umh.es\/en\/#website\"},\"primaryImageOfPage\":{\"@id\":\"https:\/\/internacional.umh.es\/en\/2025\/05\/26\/la-semana-internacional-mas-numerosa-organizada-por-la-umh-concluye-con-una-exitosa-participacion-de-universidades-internacionales\/#primaryimage\"},\"datePublished\":\"2025-05-26T12:01:51+00:00\",\"dateModified\":\"2025-05-29T08:41:03+00:00\",\"author\":{\"@id\":\"https:\/\/internacional.umh.es\/en\/#\/schema\/person\/80d6ddb6a44115a6086bb4a8a0dc2db6\"},\"breadcrumb\":{\"@id\":\"https:\/\/internacional.umh.es\/en\/2025\/05\/26\/la-semana-internacional-mas-numerosa-organizada-por-la-umh-concluye-con-una-exitosa-participacion-de-universidades-internacionales\/#breadcrumb\"},\"inLanguage\":\"en-US\",\"potentialAction\":[{\"@type\":\"ReadAction\",\"target\":[\"https:\/\/internacional.umh.es\/en\/2025\/05\/26\/la-semana-internacional-mas-numerosa-organizada-por-la-umh-concluye-con-una-exitosa-participacion-de-universidades-internacionales\/\"]}]},{\"@type\":\"BreadcrumbList\",\"@id\":\"https:\/\/internacional.umh.es\/en\/2025\/05\/26\/la-semana-internacional-mas-numerosa-organizada-por-la-umh-concluye-con-una-exitosa-participacion-de-universidades-internacionales\/#breadcrumb\",\"itemListElement\":[{\"@type\":\"ListItem\",\"position\":1,\"name\":\"Home\",\"item\":\"https:\/\/internacional.umh.es\/en\/\"},{\"@type\":\"ListItem\",\"position\":2,\"name\":\"(Espa\\u00f1ol) La Semana Internacional m\\u00e1s numerosa organizada por la UMH concluye con una exitosa participaci\\u00f3n de universidades internacionales\"}]},{\"@type\":\"Person\",\"@id\":\"https:\/\/internacional.umh.es\/en\/#\/schema\/person\/80d6ddb6a44115a6086bb4a8a0dc2db6\",\"name\":\"paliaga\",\"image\":{\"@type\":\"ImageObject\",\"@id\":\"https:\/\/internacional.umh.es\/en\/#personlogo\",\"inLanguage\":\"en-US\",\"url\":\"https:\/\/secure.gravatar.com\/avatar\/5baca743863e669ef18bc3c564b897e2?s=96&d=mm&r=g\",\"contentUrl\":\"https:\/\/secure.gravatar.com\/avatar\/5baca743863e669ef18bc3c564b897e2?s=96&d=mm&r=g\",\"caption\":\"paliaga\"},\"url\":\"https:\/\/internacional.umh.es\/en\/author\/paliaga\/\"}]}<\/script>\n<!-- \/ Yoast SEO plugin. -->","yoast_head_json":{"robots":{"index":"index","follow":"follow","max-snippet":"max-snippet:-1","max-image-preview":"max-image-preview:large","max-video-preview":"max-video-preview:-1"},"canonical":"https:\/\/internacional.umh.es\/en\/2025\/05\/26\/la-semana-internacional-mas-numerosa-organizada-por-la-umh-concluye-con-una-exitosa-participacion-de-universidades-internacionales\/","og_locale":"en_US","og_type":"article","og_title":"International Staff Week hosted by UMH concludes successfully with largest participation by foreign universities - International Relations and Cooperation","og_description":"Throughout the week of May 19 &#8211; 23, 2025, 44 invited guests representing 34 foreign universities and 22 countries took part in the 5th International Staff Week at the Miguel Hern\u00e1ndez University of Elche (UMH). ISW is a biennial event filled with educational and cultural activities that aim to consolidate alliances and present the UMH [...]","og_url":"https:\/\/internacional.umh.es\/en\/2025\/05\/26\/la-semana-internacional-mas-numerosa-organizada-por-la-umh-concluye-con-una-exitosa-participacion-de-universidades-internacionales\/","og_site_name":"International Relations and Cooperation","article_published_time":"2025-05-26T12:01:51+00:00","article_modified_time":"2025-05-29T08:41:03+00:00","og_image":[{"url":"https:\/\/internacional.umh.es\/files\/2025\/05\/IMG_7182-300x169.jpg"}],"twitter_card":"summary_large_image","twitter_misc":{"Written by":"paliaga","Est. reading time":"5 minutes"},"schema":{"@context":"https:\/\/schema.org","@graph":[{"@type":"WebSite","@id":"https:\/\/internacional.umh.es\/en\/#website","url":"https:\/\/internacional.umh.es\/en\/","name":"International Relations and Cooperation","description":"Miguel Hernandez University of Elche","potentialAction":[{"@type":"SearchAction","target":{"@type":"EntryPoint","urlTemplate":"https:\/\/internacional.umh.es\/en\/?s={search_term_string}"},"query-input":"required name=search_term_string"}],"inLanguage":"en-US"},{"@type":"ImageObject","@id":"https:\/\/internacional.umh.es\/en\/2025\/05\/26\/la-semana-internacional-mas-numerosa-organizada-por-la-umh-concluye-con-una-exitosa-participacion-de-universidades-internacionales\/#primaryimage","inLanguage":"en-US","url":"https:\/\/internacional.umh.es\/files\/2025\/05\/IMG_7373-300x169.jpg","contentUrl":"https:\/\/internacional.umh.es\/files\/2025\/05\/IMG_7373-300x169.jpg"},{"@type":"WebPage","@id":"https:\/\/internacional.umh.es\/en\/2025\/05\/26\/la-semana-internacional-mas-numerosa-organizada-por-la-umh-concluye-con-una-exitosa-participacion-de-universidades-internacionales\/#webpage","url":"https:\/\/internacional.umh.es\/en\/2025\/05\/26\/la-semana-internacional-mas-numerosa-organizada-por-la-umh-concluye-con-una-exitosa-participacion-de-universidades-internacionales\/","name":"International Staff Week hosted by UMH concludes successfully with largest participation by foreign universities - International Relations and Cooperation","isPartOf":{"@id":"https:\/\/internacional.umh.es\/en\/#website"},"primaryImageOfPage":{"@id":"https:\/\/internacional.umh.es\/en\/2025\/05\/26\/la-semana-internacional-mas-numerosa-organizada-por-la-umh-concluye-con-una-exitosa-participacion-de-universidades-internacionales\/#primaryimage"},"datePublished":"2025-05-26T12:01:51+00:00","dateModified":"2025-05-29T08:41:03+00:00","author":{"@id":"https:\/\/internacional.umh.es\/en\/#\/schema\/person\/80d6ddb6a44115a6086bb4a8a0dc2db6"},"breadcrumb":{"@id":"https:\/\/internacional.umh.es\/en\/2025\/05\/26\/la-semana-internacional-mas-numerosa-organizada-por-la-umh-concluye-con-una-exitosa-participacion-de-universidades-internacionales\/#breadcrumb"},"inLanguage":"en-US","potentialAction":[{"@type":"ReadAction","target":["https:\/\/internacional.umh.es\/en\/2025\/05\/26\/la-semana-internacional-mas-numerosa-organizada-por-la-umh-concluye-con-una-exitosa-participacion-de-universidades-internacionales\/"]}]},{"@type":"BreadcrumbList","@id":"https:\/\/internacional.umh.es\/en\/2025\/05\/26\/la-semana-internacional-mas-numerosa-organizada-por-la-umh-concluye-con-una-exitosa-participacion-de-universidades-internacionales\/#breadcrumb","itemListElement":[{"@type":"ListItem","position":1,"name":"Home","item":"https:\/\/internacional.umh.es\/en\/"},{"@type":"ListItem","position":2,"name":"(Espa\u00f1ol) La Semana Internacional m\u00e1s numerosa organizada por la UMH concluye con una exitosa participaci\u00f3n de universidades internacionales"}]},{"@type":"Person","@id":"https:\/\/internacional.umh.es\/en\/#\/schema\/person\/80d6ddb6a44115a6086bb4a8a0dc2db6","name":"paliaga","image":{"@type":"ImageObject","@id":"https:\/\/internacional.umh.es\/en\/#personlogo","inLanguage":"en-US","url":"https:\/\/secure.gravatar.com\/avatar\/5baca743863e669ef18bc3c564b897e2?s=96&d=mm&r=g","contentUrl":"https:\/\/secure.gravatar.com\/avatar\/5baca743863e669ef18bc3c564b897e2?s=96&d=mm&r=g","caption":"paliaga"},"url":"https:\/\/internacional.umh.es\/en\/author\/paliaga\/"}]}},"_links":{"self":[{"href":"https:\/\/internacional.umh.es\/en\/wp-json\/wp\/v2\/posts\/39562"}],"collection":[{"href":"https:\/\/internacional.umh.es\/en\/wp-json\/wp\/v2\/posts"}],"about":[{"href":"https:\/\/internacional.umh.es\/en\/wp-json\/wp\/v2\/types\/post"}],"author":[{"embeddable":true,"href":"https:\/\/internacional.umh.es\/en\/wp-json\/wp\/v2\/users\/28614"}],"replies":[{"embeddable":true,"href":"https:\/\/internacional.umh.es\/en\/wp-json\/wp\/v2\/comments?post=39562"}],"version-history":[{"count":0,"href":"https:\/\/internacional.umh.es\/en\/wp-json\/wp\/v2\/posts\/39562\/revisions"}],"wp:attachment":[{"href":"https:\/\/internacional.umh.es\/en\/wp-json\/wp\/v2\/media?parent=39562"}],"wp:term":[{"taxonomy":"category","embeddable":true,"href":"https:\/\/internacional.umh.es\/en\/wp-json\/wp\/v2\/categories?post=39562"},{"taxonomy":"post_tag","embeddable":true,"href":"https:\/\/internacional.umh.es\/en\/wp-json\/wp\/v2\/tags?post=39562"}],"curies":[{"name":"wp","href":"https:\/\/api.w.org\/{rel}","templated":true}]}}