{"id":40049,"date":"2025-06-11T10:52:33","date_gmt":"2025-06-11T08:52:33","guid":{"rendered":"https:\/\/internacional.umh.es\/?p=40049"},"modified":"2025-06-11T12:45:40","modified_gmt":"2025-06-11T10:45:40","slug":"la-umh-presenta-el-master-periodismo-y-democracia-junto-a-la-fundacion-gabo-y-reporteros-sin-fronteras","status":"publish","type":"post","link":"https:\/\/internacional.umh.es\/en\/2025\/06\/11\/la-umh-presenta-el-master-periodismo-y-democracia-junto-a-la-fundacion-gabo-y-reporteros-sin-fronteras\/","title":{"rendered":"UMH presents Master of Continuing Education in Journalism and Democracy along with Gabo Foundation and Reporters Without Borders"},"content":{"rendered":"<p><\/p>\n<p style=\"text-align: justify\"><span style=\"font-weight: 400\"><a href=\"https:\/\/internacional.umh.es\/files\/2025\/06\/IMG_7816-scaled.jpg\"><img loading=\"lazy\" class=\"alignleft wp-image-40052 size-medium\" src=\"https:\/\/internacional.umh.es\/files\/2025\/06\/IMG_7816-300x182.jpg\" alt=\"\" width=\"300\" height=\"182\" srcset=\"https:\/\/internacional.umh.es\/files\/2025\/06\/IMG_7816-300x182.jpg 300w, https:\/\/internacional.umh.es\/files\/2025\/06\/IMG_7816-1024x623.jpg 1024w, https:\/\/internacional.umh.es\/files\/2025\/06\/IMG_7816-768x467.jpg 768w, https:\/\/internacional.umh.es\/files\/2025\/06\/IMG_7816-1536x934.jpg 1536w, https:\/\/internacional.umh.es\/files\/2025\/06\/IMG_7816-2048x1246.jpg 2048w\" sizes=\"(max-width: 300px) 100vw, 300px\" \/><\/a><\/span><\/p>\n<p style=\"text-align: justify\">Yesterday, June 10, the Miguel Hern\u00e1ndez University of Elche (UMH), in unison with the Gabo Foundation and Reporters Without Borders (RSF), presented the new Master of Continuing Education in Journalism and Democracy. The unprecedented alliance of these three institutions is now going to address 30 pressing contemporary journalistic dilemmas.<\/p>\n<p style=\"text-align: justify\">The event got underway at the Pla\u00e7a de Baix with a panel discussion moderated by master program co-director, Laura Ardila; program coordinator and associate professor of journalism, Jos\u00e9 Luis Gonz\u00e1lez-Esteban; President and Vice President of RSF, respectively, Alfonso Bualuz and Edith Rodr\u00edguez; director general of the Gabo Foundation, Jaime Abello; and its director of programs, Miguel Montes.<\/p>\n<p style=\"text-align: justify\">Throughout the discussion, the speakers reflected on the importance of supporting exiled journalism, something that the UMH and Reporters have precisely been doing for the past two years with their \u2018Elche, RSF-Safe Space for Freedom of the Press&#8217; initiative. They also emphasized the importance of having 30 distinguished instructors in the program, including renowned figures that include Paloma del R\u00edo, Laura Zommer, and Roberto Deniz.<\/p>\n<p style=\"text-align: justify\">The alliance between these three institutions was formalized in a framework collaboration agreement signed by UMH Vice Rector for Internationalization and Cooperation, Vicente Micol; Director of the Gabo Foundation, Jaime Abello; and the President of RSF-Spain, Alfonso Bauluz.<\/p>\n<p style=\"text-align: justify\">This event continued with a special program broadcast at the digital studio of Radio UMH and an institutional welcome led by Vice Rector for Economics and Society, Mar\u00eda Jos\u00e9 L\u00f3pez; Director of Volunteering, Juana Aznar; Deputy Vice Rector for Communication and UMH Brand Positioning, Alba Ortega; and Director of the Department of Social and Human Sciences, Alicia de Lara Gonz\u00e1lez.<\/p>\n<p style=\"text-align: justify\">The UMH Master of Continuing Education in Journalism and Democracy, given in partnership with the Gabo Foundation and RSF-Spain, is an innovative continuing education program on journalism. This program is bringing together 30 \u201cinstructors\u201d from around Ibero-America, including two recipients of UMH honorary doctorates, Rosa Mar\u00eda Calaf and Paloma del R\u00edo. Over this program\u2019s 30 hands-on training workshops, some of the world\u2019s finest journalists are going to tackle 30 key journalistic dilemmas that are essential to better understanding the current challenges facing both the journalism profession and democracies during these complex times.<\/p>\n<p>&nbsp;<\/p>\n<p style=\"text-align: justify\"><strong>Journalist and UMH alumnus, Pablo Miranzo, presents his book, \u2018Hasta aqu\u00ed lleg\u00f3 el agua\u2019 (<em>The Water Was up to Here<\/em>).<\/strong><\/p>\n<p>&nbsp;<\/p>\n<p style=\"text-align: justify\">This event also featured the presentation of the book, &#8216;Hasta Aqu\u00ed lleg\u00f3 el agua&#8217; (<em>The Water Was up to Here<\/em>), written by journalist and UMH alumnus, Pablo Miranzo. This book is a compilation of photographs he took in the days after the storm and flash flooding that devastated numerous communities within the Province of Valencia. This book serves as a tribute to the 227 people who lost their lives in the storm.<\/p>\n<p><\/p>","protected":false},"excerpt":{"rendered":"<p>Yesterday, June 10, the Miguel Hern\u00e1ndez University of Elche (UMH), in unison with the Gabo Foundation and Reporters Without Borders (RSF), presented the new Master of Continuing Education in Journalism and Democracy. The unprecedented alliance of these three institutions is now going to address 30 pressing contemporary journalistic dilemmas.<br \/>\nThe event got underway at the Pla\u00e7a [&#8230;]<\/p>\n","protected":false},"author":28614,"featured_media":0,"comment_status":"closed","ping_status":"closed","sticky":false,"template":"","format":"standard","meta":{"ngg_post_thumbnail":0,"_links_to":"","_links_to_target":""},"categories":[283],"tags":[],"yoast_head":"<!-- This site is optimized with the Yoast SEO plugin v17.5 - https:\/\/yoast.com\/wordpress\/plugins\/seo\/ -->\n<meta name=\"robots\" content=\"index, follow, max-snippet:-1, max-image-preview:large, max-video-preview:-1\" \/>\n<link rel=\"canonical\" href=\"https:\/\/internacional.umh.es\/en\/2025\/06\/11\/la-umh-presenta-el-master-periodismo-y-democracia-junto-a-la-fundacion-gabo-y-reporteros-sin-fronteras\/\" \/>\n<meta property=\"og:locale\" content=\"en_US\" \/>\n<meta property=\"og:type\" content=\"article\" \/>\n<meta property=\"og:title\" content=\"UMH presents Master of Continuing Education in Journalism and Democracy along with Gabo Foundation and Reporters Without Borders - International Relations and Cooperation\" \/>\n<meta property=\"og:description\" content=\"Yesterday, June 10, the Miguel Hern\u00e1ndez University of Elche (UMH), in unison with the Gabo Foundation and Reporters Without Borders (RSF), presented the new Master of Continuing Education in Journalism and Democracy. The unprecedented alliance of these three institutions is now going to address 30 pressing contemporary journalistic dilemmas. The event got underway at the Pla\u00e7a [...]\" \/>\n<meta property=\"og:url\" content=\"https:\/\/internacional.umh.es\/en\/2025\/06\/11\/la-umh-presenta-el-master-periodismo-y-democracia-junto-a-la-fundacion-gabo-y-reporteros-sin-fronteras\/\" \/>\n<meta property=\"og:site_name\" content=\"International Relations and Cooperation\" \/>\n<meta property=\"article:published_time\" content=\"2025-06-11T08:52:33+00:00\" \/>\n<meta property=\"article:modified_time\" content=\"2025-06-11T10:45:40+00:00\" \/>\n<meta property=\"og:image\" content=\"https:\/\/internacional.umh.es\/files\/2025\/06\/IMG_7816-300x182.jpg\" \/>\n<meta name=\"twitter:card\" content=\"summary_large_image\" \/>\n<meta name=\"twitter:label1\" content=\"Written by\" \/>\n\t<meta name=\"twitter:data1\" content=\"paliaga\" \/>\n\t<meta name=\"twitter:label2\" content=\"Est. reading time\" \/>\n\t<meta name=\"twitter:data2\" content=\"5 minutes\" \/>\n<script type=\"application\/ld+json\" class=\"yoast-schema-graph\">{\"@context\":\"https:\/\/schema.org\",\"@graph\":[{\"@type\":\"WebSite\",\"@id\":\"https:\/\/internacional.umh.es\/en\/#website\",\"url\":\"https:\/\/internacional.umh.es\/en\/\",\"name\":\"International Relations and Cooperation\",\"description\":\"Miguel Hernandez University of Elche\",\"potentialAction\":[{\"@type\":\"SearchAction\",\"target\":{\"@type\":\"EntryPoint\",\"urlTemplate\":\"https:\/\/internacional.umh.es\/en\/?s={search_term_string}\"},\"query-input\":\"required name=search_term_string\"}],\"inLanguage\":\"en-US\"},{\"@type\":\"ImageObject\",\"@id\":\"https:\/\/internacional.umh.es\/en\/2025\/06\/11\/la-umh-presenta-el-master-periodismo-y-democracia-junto-a-la-fundacion-gabo-y-reporteros-sin-fronteras\/#primaryimage\",\"inLanguage\":\"en-US\",\"url\":\"https:\/\/internacional.umh.es\/files\/2025\/06\/IMG_7816-300x182.jpg\",\"contentUrl\":\"https:\/\/internacional.umh.es\/files\/2025\/06\/IMG_7816-300x182.jpg\"},{\"@type\":\"WebPage\",\"@id\":\"https:\/\/internacional.umh.es\/en\/2025\/06\/11\/la-umh-presenta-el-master-periodismo-y-democracia-junto-a-la-fundacion-gabo-y-reporteros-sin-fronteras\/#webpage\",\"url\":\"https:\/\/internacional.umh.es\/en\/2025\/06\/11\/la-umh-presenta-el-master-periodismo-y-democracia-junto-a-la-fundacion-gabo-y-reporteros-sin-fronteras\/\",\"name\":\"UMH presents Master of Continuing Education in Journalism and Democracy along with Gabo Foundation and Reporters Without Borders - International Relations and Cooperation\",\"isPartOf\":{\"@id\":\"https:\/\/internacional.umh.es\/en\/#website\"},\"primaryImageOfPage\":{\"@id\":\"https:\/\/internacional.umh.es\/en\/2025\/06\/11\/la-umh-presenta-el-master-periodismo-y-democracia-junto-a-la-fundacion-gabo-y-reporteros-sin-fronteras\/#primaryimage\"},\"datePublished\":\"2025-06-11T08:52:33+00:00\",\"dateModified\":\"2025-06-11T10:45:40+00:00\",\"author\":{\"@id\":\"https:\/\/internacional.umh.es\/en\/#\/schema\/person\/80d6ddb6a44115a6086bb4a8a0dc2db6\"},\"breadcrumb\":{\"@id\":\"https:\/\/internacional.umh.es\/en\/2025\/06\/11\/la-umh-presenta-el-master-periodismo-y-democracia-junto-a-la-fundacion-gabo-y-reporteros-sin-fronteras\/#breadcrumb\"},\"inLanguage\":\"en-US\",\"potentialAction\":[{\"@type\":\"ReadAction\",\"target\":[\"https:\/\/internacional.umh.es\/en\/2025\/06\/11\/la-umh-presenta-el-master-periodismo-y-democracia-junto-a-la-fundacion-gabo-y-reporteros-sin-fronteras\/\"]}]},{\"@type\":\"BreadcrumbList\",\"@id\":\"https:\/\/internacional.umh.es\/en\/2025\/06\/11\/la-umh-presenta-el-master-periodismo-y-democracia-junto-a-la-fundacion-gabo-y-reporteros-sin-fronteras\/#breadcrumb\",\"itemListElement\":[{\"@type\":\"ListItem\",\"position\":1,\"name\":\"Home\",\"item\":\"https:\/\/internacional.umh.es\/en\/\"},{\"@type\":\"ListItem\",\"position\":2,\"name\":\"UMH presents Master of Continuing Education in Journalism and Democracy along with Gabo Foundation and Reporters Without Borders\"}]},{\"@type\":\"Person\",\"@id\":\"https:\/\/internacional.umh.es\/en\/#\/schema\/person\/80d6ddb6a44115a6086bb4a8a0dc2db6\",\"name\":\"paliaga\",\"image\":{\"@type\":\"ImageObject\",\"@id\":\"https:\/\/internacional.umh.es\/en\/#personlogo\",\"inLanguage\":\"en-US\",\"url\":\"https:\/\/secure.gravatar.com\/avatar\/5baca743863e669ef18bc3c564b897e2?s=96&d=mm&r=g\",\"contentUrl\":\"https:\/\/secure.gravatar.com\/avatar\/5baca743863e669ef18bc3c564b897e2?s=96&d=mm&r=g\",\"caption\":\"paliaga\"},\"url\":\"https:\/\/internacional.umh.es\/en\/author\/paliaga\/\"}]}<\/script>\n<!-- \/ Yoast SEO plugin. -->","yoast_head_json":{"robots":{"index":"index","follow":"follow","max-snippet":"max-snippet:-1","max-image-preview":"max-image-preview:large","max-video-preview":"max-video-preview:-1"},"canonical":"https:\/\/internacional.umh.es\/en\/2025\/06\/11\/la-umh-presenta-el-master-periodismo-y-democracia-junto-a-la-fundacion-gabo-y-reporteros-sin-fronteras\/","og_locale":"en_US","og_type":"article","og_title":"UMH presents Master of Continuing Education in Journalism and Democracy along with Gabo Foundation and Reporters Without Borders - International Relations and Cooperation","og_description":"Yesterday, June 10, the Miguel Hern\u00e1ndez University of Elche (UMH), in unison with the Gabo Foundation and Reporters Without Borders (RSF), presented the new Master of Continuing Education in Journalism and Democracy. The unprecedented alliance of these three institutions is now going to address 30 pressing contemporary journalistic dilemmas. The event got underway at the Pla\u00e7a [...]","og_url":"https:\/\/internacional.umh.es\/en\/2025\/06\/11\/la-umh-presenta-el-master-periodismo-y-democracia-junto-a-la-fundacion-gabo-y-reporteros-sin-fronteras\/","og_site_name":"International Relations and Cooperation","article_published_time":"2025-06-11T08:52:33+00:00","article_modified_time":"2025-06-11T10:45:40+00:00","og_image":[{"url":"https:\/\/internacional.umh.es\/files\/2025\/06\/IMG_7816-300x182.jpg"}],"twitter_card":"summary_large_image","twitter_misc":{"Written by":"paliaga","Est. reading time":"5 minutes"},"schema":{"@context":"https:\/\/schema.org","@graph":[{"@type":"WebSite","@id":"https:\/\/internacional.umh.es\/en\/#website","url":"https:\/\/internacional.umh.es\/en\/","name":"International Relations and Cooperation","description":"Miguel Hernandez University of Elche","potentialAction":[{"@type":"SearchAction","target":{"@type":"EntryPoint","urlTemplate":"https:\/\/internacional.umh.es\/en\/?s={search_term_string}"},"query-input":"required name=search_term_string"}],"inLanguage":"en-US"},{"@type":"ImageObject","@id":"https:\/\/internacional.umh.es\/en\/2025\/06\/11\/la-umh-presenta-el-master-periodismo-y-democracia-junto-a-la-fundacion-gabo-y-reporteros-sin-fronteras\/#primaryimage","inLanguage":"en-US","url":"https:\/\/internacional.umh.es\/files\/2025\/06\/IMG_7816-300x182.jpg","contentUrl":"https:\/\/internacional.umh.es\/files\/2025\/06\/IMG_7816-300x182.jpg"},{"@type":"WebPage","@id":"https:\/\/internacional.umh.es\/en\/2025\/06\/11\/la-umh-presenta-el-master-periodismo-y-democracia-junto-a-la-fundacion-gabo-y-reporteros-sin-fronteras\/#webpage","url":"https:\/\/internacional.umh.es\/en\/2025\/06\/11\/la-umh-presenta-el-master-periodismo-y-democracia-junto-a-la-fundacion-gabo-y-reporteros-sin-fronteras\/","name":"UMH presents Master of Continuing Education in Journalism and Democracy along with Gabo Foundation and Reporters Without Borders - International Relations and Cooperation","isPartOf":{"@id":"https:\/\/internacional.umh.es\/en\/#website"},"primaryImageOfPage":{"@id":"https:\/\/internacional.umh.es\/en\/2025\/06\/11\/la-umh-presenta-el-master-periodismo-y-democracia-junto-a-la-fundacion-gabo-y-reporteros-sin-fronteras\/#primaryimage"},"datePublished":"2025-06-11T08:52:33+00:00","dateModified":"2025-06-11T10:45:40+00:00","author":{"@id":"https:\/\/internacional.umh.es\/en\/#\/schema\/person\/80d6ddb6a44115a6086bb4a8a0dc2db6"},"breadcrumb":{"@id":"https:\/\/internacional.umh.es\/en\/2025\/06\/11\/la-umh-presenta-el-master-periodismo-y-democracia-junto-a-la-fundacion-gabo-y-reporteros-sin-fronteras\/#breadcrumb"},"inLanguage":"en-US","potentialAction":[{"@type":"ReadAction","target":["https:\/\/internacional.umh.es\/en\/2025\/06\/11\/la-umh-presenta-el-master-periodismo-y-democracia-junto-a-la-fundacion-gabo-y-reporteros-sin-fronteras\/"]}]},{"@type":"BreadcrumbList","@id":"https:\/\/internacional.umh.es\/en\/2025\/06\/11\/la-umh-presenta-el-master-periodismo-y-democracia-junto-a-la-fundacion-gabo-y-reporteros-sin-fronteras\/#breadcrumb","itemListElement":[{"@type":"ListItem","position":1,"name":"Home","item":"https:\/\/internacional.umh.es\/en\/"},{"@type":"ListItem","position":2,"name":"UMH presents Master of Continuing Education in Journalism and Democracy along with Gabo Foundation and Reporters Without Borders"}]},{"@type":"Person","@id":"https:\/\/internacional.umh.es\/en\/#\/schema\/person\/80d6ddb6a44115a6086bb4a8a0dc2db6","name":"paliaga","image":{"@type":"ImageObject","@id":"https:\/\/internacional.umh.es\/en\/#personlogo","inLanguage":"en-US","url":"https:\/\/secure.gravatar.com\/avatar\/5baca743863e669ef18bc3c564b897e2?s=96&d=mm&r=g","contentUrl":"https:\/\/secure.gravatar.com\/avatar\/5baca743863e669ef18bc3c564b897e2?s=96&d=mm&r=g","caption":"paliaga"},"url":"https:\/\/internacional.umh.es\/en\/author\/paliaga\/"}]}},"_links":{"self":[{"href":"https:\/\/internacional.umh.es\/en\/wp-json\/wp\/v2\/posts\/40049"}],"collection":[{"href":"https:\/\/internacional.umh.es\/en\/wp-json\/wp\/v2\/posts"}],"about":[{"href":"https:\/\/internacional.umh.es\/en\/wp-json\/wp\/v2\/types\/post"}],"author":[{"embeddable":true,"href":"https:\/\/internacional.umh.es\/en\/wp-json\/wp\/v2\/users\/28614"}],"replies":[{"embeddable":true,"href":"https:\/\/internacional.umh.es\/en\/wp-json\/wp\/v2\/comments?post=40049"}],"version-history":[{"count":0,"href":"https:\/\/internacional.umh.es\/en\/wp-json\/wp\/v2\/posts\/40049\/revisions"}],"wp:attachment":[{"href":"https:\/\/internacional.umh.es\/en\/wp-json\/wp\/v2\/media?parent=40049"}],"wp:term":[{"taxonomy":"category","embeddable":true,"href":"https:\/\/internacional.umh.es\/en\/wp-json\/wp\/v2\/categories?post=40049"},{"taxonomy":"post_tag","embeddable":true,"href":"https:\/\/internacional.umh.es\/en\/wp-json\/wp\/v2\/tags?post=40049"}],"curies":[{"name":"wp","href":"https:\/\/api.w.org\/{rel}","templated":true}]}}