{"id":40099,"date":"2025-06-12T15:04:06","date_gmt":"2025-06-12T13:04:06","guid":{"rendered":"https:\/\/internacional.umh.es\/?p=40099"},"modified":"2025-06-13T09:28:48","modified_gmt":"2025-06-13T07:28:48","slug":"cinco-estudiantes-de-la-umh-recibiran-un-premio-por-sus-tfg-tfm-y-tesis-doctoral-y-su-impacto-en-los-ods","status":"publish","type":"post","link":"https:\/\/internacional.umh.es\/en\/2025\/06\/12\/cinco-estudiantes-de-la-umh-recibiran-un-premio-por-sus-tfg-tfm-y-tesis-doctoral-y-su-impacto-en-los-ods\/","title":{"rendered":"Five UMH students to receive awards for their final bachelor\u2019s, final master\u2019s projects, and doctoral thesis on their impact on the SDGs"},"content":{"rendered":"<p><\/p>\n<p style=\"text-align: justify\"><span style=\"font-weight: 400\"><img loading=\"lazy\" class=\"size-medium wp-image-40102 alignleft\" src=\"https:\/\/internacional.umh.es\/files\/2025\/06\/Cartell-jornada-catedres-cooperacio-i-DS_18-juny_2025-1-300x204.png\" alt=\"\" width=\"300\" height=\"204\" srcset=\"https:\/\/internacional.umh.es\/files\/2025\/06\/Cartell-jornada-catedres-cooperacio-i-DS_18-juny_2025-1-300x204.png 300w, https:\/\/internacional.umh.es\/files\/2025\/06\/Cartell-jornada-catedres-cooperacio-i-DS_18-juny_2025-1-1024x696.png 1024w, https:\/\/internacional.umh.es\/files\/2025\/06\/Cartell-jornada-catedres-cooperacio-i-DS_18-juny_2025-1-768x522.png 768w, https:\/\/internacional.umh.es\/files\/2025\/06\/Cartell-jornada-catedres-cooperacio-i-DS_18-juny_2025-1-1536x1044.png 1536w, https:\/\/internacional.umh.es\/files\/2025\/06\/Cartell-jornada-catedres-cooperacio-i-DS_18-juny_2025-1.png 1890w\" sizes=\"(max-width: 300px) 100vw, 300px\" \/><\/span>On Wednesday, June 18, at the Second Meeting of the Network of Cooperation and Sustainable Development Chairs that is taking place at the University of Valencia, five Miguel Hern\u00e1ndez University of Elche students are going to receive awards for their final bachelor\u2019s projects, final master\u2019s projects, and doctoral thesis.<\/p>\n<p style=\"text-align: justify\">Luc\u00eda Gonz\u00e1lez, In\u00e9s Escobar, Adri\u00e1n Sarrias, and Manuel Hern\u00e1ndez are going to be recognized for their final bachelor and master\u2019s final projects, and Mar\u00eda Teresa Rodr\u00edguez is to be recognized for her doctoral thesis. The Director General of Inclusion and Development Cooperation at the Generalitat Valenciana, Pedro Carceller, is going to be present at this ceremony.<\/p>\n<p style=\"text-align: justify\">UMH representatives who are also going to be attend this ceremony include Antonio Verd\u00fa, who is the Director of <em>Prosperity<\/em>, AKA the Chair for Sustainable Development Cooperation; and Juana Aznar, the Director of Development Cooperation and Volunteerism. At this meeting, they are also going to participate in a roundtable on the work of the Valencian chairs of cooperation and sustainable development.<\/p>\n<p><\/p>","protected":false},"excerpt":{"rendered":"<p>On Wednesday, June 18, at the Second Meeting of the Network of Cooperation and Sustainable Development Chairs that is taking place at the University of Valencia, five Miguel Hern\u00e1ndez University of Elche students are going to receive awards for their final bachelor\u2019s projects, final master\u2019s projects, and doctoral thesis.<br \/>\nLuc\u00eda Gonz\u00e1lez, In\u00e9s Escobar, Adri\u00e1n Sarrias, and [&#8230;]<\/p>\n","protected":false},"author":28614,"featured_media":0,"comment_status":"closed","ping_status":"closed","sticky":false,"template":"","format":"standard","meta":{"ngg_post_thumbnail":0,"_links_to":"","_links_to_target":""},"categories":[402498],"tags":[],"yoast_head":"<!-- This site is optimized with the Yoast SEO plugin v17.5 - https:\/\/yoast.com\/wordpress\/plugins\/seo\/ -->\n<meta name=\"robots\" content=\"index, follow, max-snippet:-1, max-image-preview:large, max-video-preview:-1\" \/>\n<link rel=\"canonical\" href=\"https:\/\/internacional.umh.es\/en\/2025\/06\/12\/cinco-estudiantes-de-la-umh-recibiran-un-premio-por-sus-tfg-tfm-y-tesis-doctoral-y-su-impacto-en-los-ods\/\" \/>\n<meta property=\"og:locale\" content=\"en_US\" \/>\n<meta property=\"og:type\" content=\"article\" \/>\n<meta property=\"og:title\" content=\"Five UMH students to receive awards for their final bachelor\u2019s, final master\u2019s projects, and doctoral thesis on their impact on the SDGs - International Relations and Cooperation\" \/>\n<meta property=\"og:description\" content=\"On Wednesday, June 18, at the Second Meeting of the Network of Cooperation and Sustainable Development Chairs that is taking place at the University of Valencia, five Miguel Hern\u00e1ndez University of Elche students are going to receive awards for their final bachelor\u2019s projects, final master\u2019s projects, and doctoral thesis. Luc\u00eda Gonz\u00e1lez, In\u00e9s Escobar, Adri\u00e1n Sarrias, and [...]\" \/>\n<meta property=\"og:url\" content=\"https:\/\/internacional.umh.es\/ca\/2025\/06\/12\/cinco-estudiantes-de-la-umh-recibiran-un-premio-por-sus-tfg-tfm-y-tesis-doctoral-y-su-impacto-en-los-ods\/\" \/>\n<meta property=\"og:site_name\" content=\"International Relations and Cooperation\" \/>\n<meta property=\"article:published_time\" content=\"2025-06-12T13:04:06+00:00\" \/>\n<meta property=\"article:modified_time\" content=\"2025-06-13T07:28:48+00:00\" \/>\n<meta property=\"og:image\" content=\"https:\/\/internacional.umh.es\/files\/2025\/06\/Cartell-jornada-catedres-cooperacio-i-DS_18-juny_2025-1-300x204.png\" \/>\n<meta name=\"twitter:card\" content=\"summary_large_image\" \/>\n<meta name=\"twitter:label1\" content=\"Written by\" \/>\n\t<meta name=\"twitter:data1\" content=\"paliaga\" \/>\n\t<meta name=\"twitter:label2\" content=\"Est. reading time\" \/>\n\t<meta name=\"twitter:data2\" content=\"2 minutes\" \/>\n<script type=\"application\/ld+json\" class=\"yoast-schema-graph\">{\"@context\":\"https:\/\/schema.org\",\"@graph\":[{\"@type\":\"WebSite\",\"@id\":\"https:\/\/internacional.umh.es\/en\/#website\",\"url\":\"https:\/\/internacional.umh.es\/en\/\",\"name\":\"International Relations and Cooperation\",\"description\":\"Miguel Hernandez University of Elche\",\"potentialAction\":[{\"@type\":\"SearchAction\",\"target\":{\"@type\":\"EntryPoint\",\"urlTemplate\":\"https:\/\/internacional.umh.es\/en\/?s={search_term_string}\"},\"query-input\":\"required name=search_term_string\"}],\"inLanguage\":\"en-US\"},{\"@type\":\"ImageObject\",\"@id\":\"https:\/\/internacional.umh.es\/ca\/2025\/06\/12\/cinco-estudiantes-de-la-umh-recibiran-un-premio-por-sus-tfg-tfm-y-tesis-doctoral-y-su-impacto-en-los-ods\/#primaryimage\",\"inLanguage\":\"en-US\",\"url\":\"https:\/\/internacional.umh.es\/files\/2025\/06\/Cartell-jornada-catedres-cooperacio-i-DS_18-juny_2025-1.png\",\"contentUrl\":\"https:\/\/internacional.umh.es\/files\/2025\/06\/Cartell-jornada-catedres-cooperacio-i-DS_18-juny_2025-1.png\",\"width\":1890,\"height\":1285},{\"@type\":\"WebPage\",\"@id\":\"https:\/\/internacional.umh.es\/ca\/2025\/06\/12\/cinco-estudiantes-de-la-umh-recibiran-un-premio-por-sus-tfg-tfm-y-tesis-doctoral-y-su-impacto-en-los-ods\/#webpage\",\"url\":\"https:\/\/internacional.umh.es\/ca\/2025\/06\/12\/cinco-estudiantes-de-la-umh-recibiran-un-premio-por-sus-tfg-tfm-y-tesis-doctoral-y-su-impacto-en-los-ods\/\",\"name\":\"Five UMH students to receive awards for their final bachelor\\u2019s, final master\\u2019s projects, and doctoral thesis on their impact on the SDGs - International Relations and Cooperation\",\"isPartOf\":{\"@id\":\"https:\/\/internacional.umh.es\/en\/#website\"},\"primaryImageOfPage\":{\"@id\":\"https:\/\/internacional.umh.es\/ca\/2025\/06\/12\/cinco-estudiantes-de-la-umh-recibiran-un-premio-por-sus-tfg-tfm-y-tesis-doctoral-y-su-impacto-en-los-ods\/#primaryimage\"},\"datePublished\":\"2025-06-12T13:04:06+00:00\",\"dateModified\":\"2025-06-13T07:28:48+00:00\",\"author\":{\"@id\":\"https:\/\/internacional.umh.es\/en\/#\/schema\/person\/80d6ddb6a44115a6086bb4a8a0dc2db6\"},\"breadcrumb\":{\"@id\":\"https:\/\/internacional.umh.es\/ca\/2025\/06\/12\/cinco-estudiantes-de-la-umh-recibiran-un-premio-por-sus-tfg-tfm-y-tesis-doctoral-y-su-impacto-en-los-ods\/#breadcrumb\"},\"inLanguage\":\"en-US\",\"potentialAction\":[{\"@type\":\"ReadAction\",\"target\":[\"https:\/\/internacional.umh.es\/ca\/2025\/06\/12\/cinco-estudiantes-de-la-umh-recibiran-un-premio-por-sus-tfg-tfm-y-tesis-doctoral-y-su-impacto-en-los-ods\/\"]}]},{\"@type\":\"BreadcrumbList\",\"@id\":\"https:\/\/internacional.umh.es\/ca\/2025\/06\/12\/cinco-estudiantes-de-la-umh-recibiran-un-premio-por-sus-tfg-tfm-y-tesis-doctoral-y-su-impacto-en-los-ods\/#breadcrumb\",\"itemListElement\":[{\"@type\":\"ListItem\",\"position\":1,\"name\":\"Home\",\"item\":\"https:\/\/internacional.umh.es\/en\/\"},{\"@type\":\"ListItem\",\"position\":2,\"name\":\"Cinco estudiantes de la UMH recibir\\u00e1n un premio por sus TFG, TFM y Tesis Doctoral y su impacto en los ODS\"}]},{\"@type\":\"Person\",\"@id\":\"https:\/\/internacional.umh.es\/en\/#\/schema\/person\/80d6ddb6a44115a6086bb4a8a0dc2db6\",\"name\":\"paliaga\",\"image\":{\"@type\":\"ImageObject\",\"@id\":\"https:\/\/internacional.umh.es\/en\/#personlogo\",\"inLanguage\":\"en-US\",\"url\":\"https:\/\/secure.gravatar.com\/avatar\/5baca743863e669ef18bc3c564b897e2?s=96&d=mm&r=g\",\"contentUrl\":\"https:\/\/secure.gravatar.com\/avatar\/5baca743863e669ef18bc3c564b897e2?s=96&d=mm&r=g\",\"caption\":\"paliaga\"},\"url\":\"https:\/\/internacional.umh.es\/en\/author\/paliaga\/\"}]}<\/script>\n<!-- \/ Yoast SEO plugin. -->","yoast_head_json":{"robots":{"index":"index","follow":"follow","max-snippet":"max-snippet:-1","max-image-preview":"max-image-preview:large","max-video-preview":"max-video-preview:-1"},"canonical":"https:\/\/internacional.umh.es\/en\/2025\/06\/12\/cinco-estudiantes-de-la-umh-recibiran-un-premio-por-sus-tfg-tfm-y-tesis-doctoral-y-su-impacto-en-los-ods\/","og_locale":"en_US","og_type":"article","og_title":"Five UMH students to receive awards for their final bachelor\u2019s, final master\u2019s projects, and doctoral thesis on their impact on the SDGs - International Relations and Cooperation","og_description":"On Wednesday, June 18, at the Second Meeting of the Network of Cooperation and Sustainable Development Chairs that is taking place at the University of Valencia, five Miguel Hern\u00e1ndez University of Elche students are going to receive awards for their final bachelor\u2019s projects, final master\u2019s projects, and doctoral thesis. Luc\u00eda Gonz\u00e1lez, In\u00e9s Escobar, Adri\u00e1n Sarrias, and [...]","og_url":"https:\/\/internacional.umh.es\/ca\/2025\/06\/12\/cinco-estudiantes-de-la-umh-recibiran-un-premio-por-sus-tfg-tfm-y-tesis-doctoral-y-su-impacto-en-los-ods\/","og_site_name":"International Relations and Cooperation","article_published_time":"2025-06-12T13:04:06+00:00","article_modified_time":"2025-06-13T07:28:48+00:00","og_image":[{"url":"https:\/\/internacional.umh.es\/files\/2025\/06\/Cartell-jornada-catedres-cooperacio-i-DS_18-juny_2025-1-300x204.png"}],"twitter_card":"summary_large_image","twitter_misc":{"Written by":"paliaga","Est. reading time":"2 minutes"},"schema":{"@context":"https:\/\/schema.org","@graph":[{"@type":"WebSite","@id":"https:\/\/internacional.umh.es\/en\/#website","url":"https:\/\/internacional.umh.es\/en\/","name":"International Relations and Cooperation","description":"Miguel Hernandez University of Elche","potentialAction":[{"@type":"SearchAction","target":{"@type":"EntryPoint","urlTemplate":"https:\/\/internacional.umh.es\/en\/?s={search_term_string}"},"query-input":"required name=search_term_string"}],"inLanguage":"en-US"},{"@type":"ImageObject","@id":"https:\/\/internacional.umh.es\/ca\/2025\/06\/12\/cinco-estudiantes-de-la-umh-recibiran-un-premio-por-sus-tfg-tfm-y-tesis-doctoral-y-su-impacto-en-los-ods\/#primaryimage","inLanguage":"en-US","url":"https:\/\/internacional.umh.es\/files\/2025\/06\/Cartell-jornada-catedres-cooperacio-i-DS_18-juny_2025-1.png","contentUrl":"https:\/\/internacional.umh.es\/files\/2025\/06\/Cartell-jornada-catedres-cooperacio-i-DS_18-juny_2025-1.png","width":1890,"height":1285},{"@type":"WebPage","@id":"https:\/\/internacional.umh.es\/ca\/2025\/06\/12\/cinco-estudiantes-de-la-umh-recibiran-un-premio-por-sus-tfg-tfm-y-tesis-doctoral-y-su-impacto-en-los-ods\/#webpage","url":"https:\/\/internacional.umh.es\/ca\/2025\/06\/12\/cinco-estudiantes-de-la-umh-recibiran-un-premio-por-sus-tfg-tfm-y-tesis-doctoral-y-su-impacto-en-los-ods\/","name":"Five UMH students to receive awards for their final bachelor\u2019s, final master\u2019s projects, and doctoral thesis on their impact on the SDGs - International Relations and Cooperation","isPartOf":{"@id":"https:\/\/internacional.umh.es\/en\/#website"},"primaryImageOfPage":{"@id":"https:\/\/internacional.umh.es\/ca\/2025\/06\/12\/cinco-estudiantes-de-la-umh-recibiran-un-premio-por-sus-tfg-tfm-y-tesis-doctoral-y-su-impacto-en-los-ods\/#primaryimage"},"datePublished":"2025-06-12T13:04:06+00:00","dateModified":"2025-06-13T07:28:48+00:00","author":{"@id":"https:\/\/internacional.umh.es\/en\/#\/schema\/person\/80d6ddb6a44115a6086bb4a8a0dc2db6"},"breadcrumb":{"@id":"https:\/\/internacional.umh.es\/ca\/2025\/06\/12\/cinco-estudiantes-de-la-umh-recibiran-un-premio-por-sus-tfg-tfm-y-tesis-doctoral-y-su-impacto-en-los-ods\/#breadcrumb"},"inLanguage":"en-US","potentialAction":[{"@type":"ReadAction","target":["https:\/\/internacional.umh.es\/ca\/2025\/06\/12\/cinco-estudiantes-de-la-umh-recibiran-un-premio-por-sus-tfg-tfm-y-tesis-doctoral-y-su-impacto-en-los-ods\/"]}]},{"@type":"BreadcrumbList","@id":"https:\/\/internacional.umh.es\/ca\/2025\/06\/12\/cinco-estudiantes-de-la-umh-recibiran-un-premio-por-sus-tfg-tfm-y-tesis-doctoral-y-su-impacto-en-los-ods\/#breadcrumb","itemListElement":[{"@type":"ListItem","position":1,"name":"Home","item":"https:\/\/internacional.umh.es\/en\/"},{"@type":"ListItem","position":2,"name":"Cinco estudiantes de la UMH recibir\u00e1n un premio por sus TFG, TFM y Tesis Doctoral y su impacto en los ODS"}]},{"@type":"Person","@id":"https:\/\/internacional.umh.es\/en\/#\/schema\/person\/80d6ddb6a44115a6086bb4a8a0dc2db6","name":"paliaga","image":{"@type":"ImageObject","@id":"https:\/\/internacional.umh.es\/en\/#personlogo","inLanguage":"en-US","url":"https:\/\/secure.gravatar.com\/avatar\/5baca743863e669ef18bc3c564b897e2?s=96&d=mm&r=g","contentUrl":"https:\/\/secure.gravatar.com\/avatar\/5baca743863e669ef18bc3c564b897e2?s=96&d=mm&r=g","caption":"paliaga"},"url":"https:\/\/internacional.umh.es\/en\/author\/paliaga\/"}]}},"_links":{"self":[{"href":"https:\/\/internacional.umh.es\/en\/wp-json\/wp\/v2\/posts\/40099"}],"collection":[{"href":"https:\/\/internacional.umh.es\/en\/wp-json\/wp\/v2\/posts"}],"about":[{"href":"https:\/\/internacional.umh.es\/en\/wp-json\/wp\/v2\/types\/post"}],"author":[{"embeddable":true,"href":"https:\/\/internacional.umh.es\/en\/wp-json\/wp\/v2\/users\/28614"}],"replies":[{"embeddable":true,"href":"https:\/\/internacional.umh.es\/en\/wp-json\/wp\/v2\/comments?post=40099"}],"version-history":[{"count":0,"href":"https:\/\/internacional.umh.es\/en\/wp-json\/wp\/v2\/posts\/40099\/revisions"}],"wp:attachment":[{"href":"https:\/\/internacional.umh.es\/en\/wp-json\/wp\/v2\/media?parent=40099"}],"wp:term":[{"taxonomy":"category","embeddable":true,"href":"https:\/\/internacional.umh.es\/en\/wp-json\/wp\/v2\/categories?post=40099"},{"taxonomy":"post_tag","embeddable":true,"href":"https:\/\/internacional.umh.es\/en\/wp-json\/wp\/v2\/tags?post=40099"}],"curies":[{"name":"wp","href":"https:\/\/api.w.org\/{rel}","templated":true}]}}