{"id":40468,"date":"2025-07-08T14:17:27","date_gmt":"2025-07-08T12:17:27","guid":{"rendered":"https:\/\/internacional.umh.es\/?p=40468"},"modified":"2025-07-09T11:07:09","modified_gmt":"2025-07-09T09:07:09","slug":"la-expansion-internacional-de-la-umh-continua-con-la-mejora-de-los-convenios-con-la-universidad-de-monterrey-y-la-universidad-de-uniminuto-de-bogota","status":"publish","type":"post","link":"https:\/\/internacional.umh.es\/en\/2025\/07\/08\/la-expansion-internacional-de-la-umh-continua-con-la-mejora-de-los-convenios-con-la-universidad-de-monterrey-y-la-universidad-de-uniminuto-de-bogota\/","title":{"rendered":"International expansion at UMH continues with improvements to agreements with University of Monterrey and Uniminuto University of Bogot\u00e1"},"content":{"rendered":"<p><\/p>\n<p style=\"text-align: justify\"><span style=\"font-weight: 400\"><a href=\"https:\/\/internacional.umh.es\/files\/2025\/07\/IMG_7854-scaled.jpg\"><img loading=\"lazy\" class=\"size-medium wp-image-40471 alignleft\" src=\"https:\/\/internacional.umh.es\/files\/2025\/07\/IMG_7854-300x230.jpg\" alt=\"\" width=\"300\" height=\"230\" srcset=\"https:\/\/internacional.umh.es\/files\/2025\/07\/IMG_7854-300x230.jpg 300w, https:\/\/internacional.umh.es\/files\/2025\/07\/IMG_7854-1024x787.jpg 1024w, https:\/\/internacional.umh.es\/files\/2025\/07\/IMG_7854-768x590.jpg 768w, https:\/\/internacional.umh.es\/files\/2025\/07\/IMG_7854-1536x1180.jpg 1536w, https:\/\/internacional.umh.es\/files\/2025\/07\/IMG_7854-2048x1573.jpg 2048w\" sizes=\"(max-width: 300px) 100vw, 300px\" \/><\/a><\/span><\/p>\n<p style=\"text-align: justify\">On July 8, 2025, Rectorado &amp; Consejo Social Hall on the Elche Campus hosted meetings between the Miguel Hern\u00e1ndez University of Elche (UMH) and the University of Monterrey (UDEM; Mexico). These were followed up by other meetings with the Uniminuto University of Bogot\u00e1 (Colombia). Their purpose was to seek enhancements to exchange agreements and other academic opportunities.<\/p>\n<p style=\"text-align: justify\">UMH Vice Rector for Internationalization and Cooperation, Vicente Micol, along with Deputy Vice Rector for Internationalization, Alberto Rodr\u00edguez, welcomed Vice Rector of Social Projection, Anacristina Bayona, from the Colombian institution, and she was keen on future collaboration and the possibility of a dual master.<\/p>\n<p style=\"text-align: justify\">Other UMH representatives at the meetings included the Director of Development Cooperation and Volunteerism, Juana Aznar; the Director of Prosperity, the Chair of Sustainable Development Cooperation, Antonio Verd\u00fa; and the Dean at the Faculty of Social and Legal Sciences of Orihuela, Jos\u00e9 Francisco Parra.<\/p>\n<p style=\"text-align: justify\">The meetings with the University of Monterrey focused on future joint collaboration for professional internships, certification programs and\/or dual undergraduate programs, as well as other academic opportunities.<\/p>\n<p style=\"text-align: justify\">Vicente Micol, accompanied by Alberto Rodr\u00edguez and the secretary of the Systems Engineering and Automation Department, Eduardo I\u00e1\u00f1ez, expressed their gratitude for the Mexican university\u2019s willingness to work together.<\/p>\n<p style=\"text-align: justify\">Present on behalf of the University of Monterrey was its Dean of Health Allied Sciences and Director of the Biomedical Engineering program, Carlos Garc\u00eda.<\/p>\n<p style=\"text-align: justify\">UDEM is an entity with close to 20,000 enrolled undergraduate and graduate students, 700 nursing students, and over 1,200 faculty members teaching and conducting research. It is a leading university in the health field. Uniminuto University of Bogot\u00e1 is much larger, as it has over 100,000 enrolled students.<\/p>\n\n\t\t<style type=\"text\/css\">\n\t\t\t#gallery-2 {\n\t\t\t\tmargin: auto;\n\t\t\t}\n\t\t\t#gallery-2 .gallery-item {\n\t\t\t\tfloat: left;\n\t\t\t\tmargin-top: 10px;\n\t\t\t\ttext-align: center;\n\t\t\t\twidth: 33%;\n\t\t\t}\n\t\t\t#gallery-2 img {\n\t\t\t\tborder: 2px solid #cfcfcf;\n\t\t\t}\n\t\t\t#gallery-2 .gallery-caption {\n\t\t\t\tmargin-left: 0;\n\t\t\t}\n\t\t\t\/* see gallery_shortcode() in wp-includes\/media.php *\/\n\t\t<\/style>\n\t\t<div id='gallery-2' class='gallery galleryid-40468 gallery-columns-3 gallery-size-medium'><dl class='gallery-item'>\n\t\t\t<dt class='gallery-icon landscape'>\n\t\t\t\t<a href='https:\/\/internacional.umh.es\/files\/2025\/07\/IMG_7859-1-scaled.jpg'><img width=\"300\" height=\"159\" src=\"https:\/\/internacional.umh.es\/files\/2025\/07\/IMG_7859-1-300x159.jpg\" class=\"attachment-medium size-medium\" alt=\"\" loading=\"lazy\" srcset=\"https:\/\/internacional.umh.es\/files\/2025\/07\/IMG_7859-1-300x159.jpg 300w, https:\/\/internacional.umh.es\/files\/2025\/07\/IMG_7859-1-1024x542.jpg 1024w, https:\/\/internacional.umh.es\/files\/2025\/07\/IMG_7859-1-768x406.jpg 768w, https:\/\/internacional.umh.es\/files\/2025\/07\/IMG_7859-1-1536x812.jpg 1536w, https:\/\/internacional.umh.es\/files\/2025\/07\/IMG_7859-1-2048x1083.jpg 2048w\" sizes=\"(max-width: 300px) 100vw, 300px\" \/><\/a>\n\t\t\t<\/dt><\/dl><dl class='gallery-item'>\n\t\t\t<dt class='gallery-icon landscape'>\n\t\t\t\t<a href='https:\/\/internacional.umh.es\/files\/2025\/07\/IMG_7860-1-scaled.jpg'><img width=\"300\" height=\"176\" src=\"https:\/\/internacional.umh.es\/files\/2025\/07\/IMG_7860-1-300x176.jpg\" class=\"attachment-medium size-medium\" alt=\"\" loading=\"lazy\" srcset=\"https:\/\/internacional.umh.es\/files\/2025\/07\/IMG_7860-1-300x176.jpg 300w, https:\/\/internacional.umh.es\/files\/2025\/07\/IMG_7860-1-1024x600.jpg 1024w, https:\/\/internacional.umh.es\/files\/2025\/07\/IMG_7860-1-768x450.jpg 768w, https:\/\/internacional.umh.es\/files\/2025\/07\/IMG_7860-1-1536x900.jpg 1536w, https:\/\/internacional.umh.es\/files\/2025\/07\/IMG_7860-1-2048x1200.jpg 2048w\" sizes=\"(max-width: 300px) 100vw, 300px\" \/><\/a>\n\t\t\t<\/dt><\/dl><dl class='gallery-item'>\n\t\t\t<dt class='gallery-icon portrait'>\n\t\t\t\t<a href='https:\/\/internacional.umh.es\/files\/2025\/07\/IMG_7862-1-scaled.jpg'><img width=\"241\" height=\"300\" src=\"https:\/\/internacional.umh.es\/files\/2025\/07\/IMG_7862-1-241x300.jpg\" class=\"attachment-medium size-medium\" alt=\"\" loading=\"lazy\" srcset=\"https:\/\/internacional.umh.es\/files\/2025\/07\/IMG_7862-1-241x300.jpg 241w, https:\/\/internacional.umh.es\/files\/2025\/07\/IMG_7862-1-822x1024.jpg 822w, https:\/\/internacional.umh.es\/files\/2025\/07\/IMG_7862-1-768x957.jpg 768w, https:\/\/internacional.umh.es\/files\/2025\/07\/IMG_7862-1-1233x1536.jpg 1233w, https:\/\/internacional.umh.es\/files\/2025\/07\/IMG_7862-1-1644x2048.jpg 1644w\" sizes=\"(max-width: 241px) 100vw, 241px\" \/><\/a>\n\t\t\t<\/dt><\/dl><br style=\"clear: both\" \/><dl class='gallery-item'>\n\t\t\t<dt class='gallery-icon landscape'>\n\t\t\t\t<a href='https:\/\/internacional.umh.es\/files\/2025\/07\/IMG_7865-1.png'><img width=\"300\" height=\"145\" src=\"https:\/\/internacional.umh.es\/files\/2025\/07\/IMG_7865-1-300x145.png\" class=\"attachment-medium size-medium\" alt=\"\" loading=\"lazy\" srcset=\"https:\/\/internacional.umh.es\/files\/2025\/07\/IMG_7865-1-300x145.png 300w, https:\/\/internacional.umh.es\/files\/2025\/07\/IMG_7865-1-1024x495.png 1024w, https:\/\/internacional.umh.es\/files\/2025\/07\/IMG_7865-1-768x371.png 768w, https:\/\/internacional.umh.es\/files\/2025\/07\/IMG_7865-1-1536x742.png 1536w, https:\/\/internacional.umh.es\/files\/2025\/07\/IMG_7865-1-2048x990.png 2048w\" sizes=\"(max-width: 300px) 100vw, 300px\" \/><\/a>\n\t\t\t<\/dt><\/dl><dl class='gallery-item'>\n\t\t\t<dt class='gallery-icon landscape'>\n\t\t\t\t<a href='https:\/\/internacional.umh.es\/files\/2025\/07\/IMG_7867-1-scaled.jpg'><img width=\"300\" height=\"229\" src=\"https:\/\/internacional.umh.es\/files\/2025\/07\/IMG_7867-1-300x229.jpg\" class=\"attachment-medium size-medium\" alt=\"\" loading=\"lazy\" srcset=\"https:\/\/internacional.umh.es\/files\/2025\/07\/IMG_7867-1-300x229.jpg 300w, https:\/\/internacional.umh.es\/files\/2025\/07\/IMG_7867-1-1024x781.jpg 1024w, https:\/\/internacional.umh.es\/files\/2025\/07\/IMG_7867-1-768x586.jpg 768w, https:\/\/internacional.umh.es\/files\/2025\/07\/IMG_7867-1-1536x1172.jpg 1536w, https:\/\/internacional.umh.es\/files\/2025\/07\/IMG_7867-1-2048x1563.jpg 2048w\" sizes=\"(max-width: 300px) 100vw, 300px\" \/><\/a>\n\t\t\t<\/dt><\/dl><dl class='gallery-item'>\n\t\t\t<dt class='gallery-icon landscape'>\n\t\t\t\t<a href='https:\/\/internacional.umh.es\/files\/2025\/07\/IMG_7872-1.png'><img width=\"300\" height=\"169\" src=\"https:\/\/internacional.umh.es\/files\/2025\/07\/IMG_7872-1-300x169.png\" class=\"attachment-medium size-medium\" alt=\"\" loading=\"lazy\" srcset=\"https:\/\/internacional.umh.es\/files\/2025\/07\/IMG_7872-1-300x169.png 300w, https:\/\/internacional.umh.es\/files\/2025\/07\/IMG_7872-1-1024x575.png 1024w, https:\/\/internacional.umh.es\/files\/2025\/07\/IMG_7872-1-768x431.png 768w, https:\/\/internacional.umh.es\/files\/2025\/07\/IMG_7872-1-1536x863.png 1536w, https:\/\/internacional.umh.es\/files\/2025\/07\/IMG_7872-1-2048x1150.png 2048w\" sizes=\"(max-width: 300px) 100vw, 300px\" \/><\/a>\n\t\t\t<\/dt><\/dl><br style=\"clear: both\" \/>\n\t\t<\/div>\n\n<p data-wp-editing=\"1\">&nbsp;<\/p>\n<p><\/p>","protected":false},"excerpt":{"rendered":"<p>On July 8, 2025, Rectorado &amp; Consejo Social Hall on the Elche Campus hosted meetings between the Miguel Hern\u00e1ndez University of Elche (UMH) and the University of Monterrey (UDEM; Mexico). These were followed up by other meetings with the Uniminuto University of Bogot\u00e1 (Colombia). Their purpose was to seek enhancements to exchange agreements and other [&#8230;]<\/p>\n","protected":false},"author":5193,"featured_media":40471,"comment_status":"closed","ping_status":"closed","sticky":false,"template":"","format":"standard","meta":{"ngg_post_thumbnail":0,"_links_to":"","_links_to_target":""},"categories":[53411],"tags":[],"yoast_head":"<!-- This site is optimized with the Yoast SEO plugin v17.5 - https:\/\/yoast.com\/wordpress\/plugins\/seo\/ -->\n<meta name=\"robots\" content=\"index, follow, max-snippet:-1, max-image-preview:large, max-video-preview:-1\" \/>\n<link rel=\"canonical\" href=\"https:\/\/internacional.umh.es\/en\/2025\/07\/08\/la-expansion-internacional-de-la-umh-continua-con-la-mejora-de-los-convenios-con-la-universidad-de-monterrey-y-la-universidad-de-uniminuto-de-bogota\/\" \/>\n<meta property=\"og:locale\" content=\"en_US\" \/>\n<meta property=\"og:type\" content=\"article\" \/>\n<meta property=\"og:title\" content=\"International expansion at UMH continues with improvements to agreements with University of Monterrey and Uniminuto University of Bogot\u00e1 - International Relations and Cooperation\" \/>\n<meta property=\"og:description\" content=\"On July 8, 2025, Rectorado &amp; Consejo Social Hall on the Elche Campus hosted meetings between the Miguel Hern\u00e1ndez University of Elche (UMH) and the University of Monterrey (UDEM; Mexico). These were followed up by other meetings with the Uniminuto University of Bogot\u00e1 (Colombia). Their purpose was to seek enhancements to exchange agreements and other [...]\" \/>\n<meta property=\"og:url\" content=\"https:\/\/internacional.umh.es\/2025\/07\/08\/la-expansion-internacional-de-la-umh-continua-con-la-mejora-de-los-convenios-con-la-universidad-de-monterrey-y-la-universidad-de-uniminuto-de-bogota\/\" \/>\n<meta property=\"og:site_name\" content=\"International Relations and Cooperation\" \/>\n<meta property=\"article:published_time\" content=\"2025-07-08T12:17:27+00:00\" \/>\n<meta property=\"article:modified_time\" content=\"2025-07-09T09:07:09+00:00\" \/>\n<meta property=\"og:image\" content=\"https:\/\/internacional.umh.es\/files\/2025\/07\/IMG_7854-scaled.jpg\" \/>\n\t<meta property=\"og:image:width\" content=\"2560\" \/>\n\t<meta property=\"og:image:height\" content=\"1966\" \/>\n<meta name=\"twitter:card\" content=\"summary_large_image\" \/>\n<meta name=\"twitter:label1\" content=\"Written by\" \/>\n\t<meta name=\"twitter:data1\" content=\"anoguera\" \/>\n\t<meta name=\"twitter:label2\" content=\"Est. reading time\" \/>\n\t<meta name=\"twitter:data2\" content=\"3 minutes\" \/>\n<script type=\"application\/ld+json\" class=\"yoast-schema-graph\">{\"@context\":\"https:\/\/schema.org\",\"@graph\":[{\"@type\":\"WebSite\",\"@id\":\"https:\/\/internacional.umh.es\/en\/#website\",\"url\":\"https:\/\/internacional.umh.es\/en\/\",\"name\":\"International Relations and Cooperation\",\"description\":\"Miguel Hernandez University of Elche\",\"potentialAction\":[{\"@type\":\"SearchAction\",\"target\":{\"@type\":\"EntryPoint\",\"urlTemplate\":\"https:\/\/internacional.umh.es\/en\/?s={search_term_string}\"},\"query-input\":\"required name=search_term_string\"}],\"inLanguage\":\"en-US\"},{\"@type\":\"ImageObject\",\"@id\":\"https:\/\/internacional.umh.es\/2025\/07\/08\/la-expansion-internacional-de-la-umh-continua-con-la-mejora-de-los-convenios-con-la-universidad-de-monterrey-y-la-universidad-de-uniminuto-de-bogota\/#primaryimage\",\"inLanguage\":\"en-US\",\"url\":\"https:\/\/internacional.umh.es\/files\/2025\/07\/IMG_7854-scaled.jpg\",\"contentUrl\":\"https:\/\/internacional.umh.es\/files\/2025\/07\/IMG_7854-scaled.jpg\",\"width\":2560,\"height\":1966},{\"@type\":\"WebPage\",\"@id\":\"https:\/\/internacional.umh.es\/2025\/07\/08\/la-expansion-internacional-de-la-umh-continua-con-la-mejora-de-los-convenios-con-la-universidad-de-monterrey-y-la-universidad-de-uniminuto-de-bogota\/#webpage\",\"url\":\"https:\/\/internacional.umh.es\/2025\/07\/08\/la-expansion-internacional-de-la-umh-continua-con-la-mejora-de-los-convenios-con-la-universidad-de-monterrey-y-la-universidad-de-uniminuto-de-bogota\/\",\"name\":\"International expansion at UMH continues with improvements to agreements with University of Monterrey and Uniminuto University of Bogot\\u00e1 - International Relations and Cooperation\",\"isPartOf\":{\"@id\":\"https:\/\/internacional.umh.es\/en\/#website\"},\"primaryImageOfPage\":{\"@id\":\"https:\/\/internacional.umh.es\/2025\/07\/08\/la-expansion-internacional-de-la-umh-continua-con-la-mejora-de-los-convenios-con-la-universidad-de-monterrey-y-la-universidad-de-uniminuto-de-bogota\/#primaryimage\"},\"datePublished\":\"2025-07-08T12:17:27+00:00\",\"dateModified\":\"2025-07-09T09:07:09+00:00\",\"author\":{\"@id\":\"https:\/\/internacional.umh.es\/en\/#\/schema\/person\/eed13c327e1d2faf7c240cdebbc9bdf8\"},\"breadcrumb\":{\"@id\":\"https:\/\/internacional.umh.es\/2025\/07\/08\/la-expansion-internacional-de-la-umh-continua-con-la-mejora-de-los-convenios-con-la-universidad-de-monterrey-y-la-universidad-de-uniminuto-de-bogota\/#breadcrumb\"},\"inLanguage\":\"en-US\",\"potentialAction\":[{\"@type\":\"ReadAction\",\"target\":[\"https:\/\/internacional.umh.es\/2025\/07\/08\/la-expansion-internacional-de-la-umh-continua-con-la-mejora-de-los-convenios-con-la-universidad-de-monterrey-y-la-universidad-de-uniminuto-de-bogota\/\"]}]},{\"@type\":\"BreadcrumbList\",\"@id\":\"https:\/\/internacional.umh.es\/2025\/07\/08\/la-expansion-internacional-de-la-umh-continua-con-la-mejora-de-los-convenios-con-la-universidad-de-monterrey-y-la-universidad-de-uniminuto-de-bogota\/#breadcrumb\",\"itemListElement\":[{\"@type\":\"ListItem\",\"position\":1,\"name\":\"Home\",\"item\":\"https:\/\/internacional.umh.es\/en\/\"},{\"@type\":\"ListItem\",\"position\":2,\"name\":\"La expansi\\u00f3n internacional de la UMH contin\\u00faa con la mejora de los convenios con la Universidad de Monterrey y la Universidad de Uniminuto de Bogot\\u00e1\"}]},{\"@type\":\"Person\",\"@id\":\"https:\/\/internacional.umh.es\/en\/#\/schema\/person\/eed13c327e1d2faf7c240cdebbc9bdf8\",\"name\":\"anoguera\",\"image\":{\"@type\":\"ImageObject\",\"@id\":\"https:\/\/internacional.umh.es\/en\/#personlogo\",\"inLanguage\":\"en-US\",\"url\":\"https:\/\/secure.gravatar.com\/avatar\/e87d1d03f947368bf6f4625c3348f5a2?s=96&d=mm&r=g\",\"contentUrl\":\"https:\/\/secure.gravatar.com\/avatar\/e87d1d03f947368bf6f4625c3348f5a2?s=96&d=mm&r=g\",\"caption\":\"anoguera\"},\"url\":\"https:\/\/internacional.umh.es\/en\/author\/anoguera\/\"}]}<\/script>\n<!-- \/ Yoast SEO plugin. -->","yoast_head_json":{"robots":{"index":"index","follow":"follow","max-snippet":"max-snippet:-1","max-image-preview":"max-image-preview:large","max-video-preview":"max-video-preview:-1"},"canonical":"https:\/\/internacional.umh.es\/en\/2025\/07\/08\/la-expansion-internacional-de-la-umh-continua-con-la-mejora-de-los-convenios-con-la-universidad-de-monterrey-y-la-universidad-de-uniminuto-de-bogota\/","og_locale":"en_US","og_type":"article","og_title":"International expansion at UMH continues with improvements to agreements with University of Monterrey and Uniminuto University of Bogot\u00e1 - International Relations and Cooperation","og_description":"On July 8, 2025, Rectorado &amp; Consejo Social Hall on the Elche Campus hosted meetings between the Miguel Hern\u00e1ndez University of Elche (UMH) and the University of Monterrey (UDEM; Mexico). These were followed up by other meetings with the Uniminuto University of Bogot\u00e1 (Colombia). Their purpose was to seek enhancements to exchange agreements and other [...]","og_url":"https:\/\/internacional.umh.es\/2025\/07\/08\/la-expansion-internacional-de-la-umh-continua-con-la-mejora-de-los-convenios-con-la-universidad-de-monterrey-y-la-universidad-de-uniminuto-de-bogota\/","og_site_name":"International Relations and Cooperation","article_published_time":"2025-07-08T12:17:27+00:00","article_modified_time":"2025-07-09T09:07:09+00:00","og_image":[{"width":2560,"height":1966,"url":"https:\/\/internacional.umh.es\/files\/2025\/07\/IMG_7854-scaled.jpg","type":"image\/jpeg"}],"twitter_card":"summary_large_image","twitter_misc":{"Written by":"anoguera","Est. reading time":"3 minutes"},"schema":{"@context":"https:\/\/schema.org","@graph":[{"@type":"WebSite","@id":"https:\/\/internacional.umh.es\/en\/#website","url":"https:\/\/internacional.umh.es\/en\/","name":"International Relations and Cooperation","description":"Miguel Hernandez University of Elche","potentialAction":[{"@type":"SearchAction","target":{"@type":"EntryPoint","urlTemplate":"https:\/\/internacional.umh.es\/en\/?s={search_term_string}"},"query-input":"required name=search_term_string"}],"inLanguage":"en-US"},{"@type":"ImageObject","@id":"https:\/\/internacional.umh.es\/2025\/07\/08\/la-expansion-internacional-de-la-umh-continua-con-la-mejora-de-los-convenios-con-la-universidad-de-monterrey-y-la-universidad-de-uniminuto-de-bogota\/#primaryimage","inLanguage":"en-US","url":"https:\/\/internacional.umh.es\/files\/2025\/07\/IMG_7854-scaled.jpg","contentUrl":"https:\/\/internacional.umh.es\/files\/2025\/07\/IMG_7854-scaled.jpg","width":2560,"height":1966},{"@type":"WebPage","@id":"https:\/\/internacional.umh.es\/2025\/07\/08\/la-expansion-internacional-de-la-umh-continua-con-la-mejora-de-los-convenios-con-la-universidad-de-monterrey-y-la-universidad-de-uniminuto-de-bogota\/#webpage","url":"https:\/\/internacional.umh.es\/2025\/07\/08\/la-expansion-internacional-de-la-umh-continua-con-la-mejora-de-los-convenios-con-la-universidad-de-monterrey-y-la-universidad-de-uniminuto-de-bogota\/","name":"International expansion at UMH continues with improvements to agreements with University of Monterrey and Uniminuto University of Bogot\u00e1 - International Relations and Cooperation","isPartOf":{"@id":"https:\/\/internacional.umh.es\/en\/#website"},"primaryImageOfPage":{"@id":"https:\/\/internacional.umh.es\/2025\/07\/08\/la-expansion-internacional-de-la-umh-continua-con-la-mejora-de-los-convenios-con-la-universidad-de-monterrey-y-la-universidad-de-uniminuto-de-bogota\/#primaryimage"},"datePublished":"2025-07-08T12:17:27+00:00","dateModified":"2025-07-09T09:07:09+00:00","author":{"@id":"https:\/\/internacional.umh.es\/en\/#\/schema\/person\/eed13c327e1d2faf7c240cdebbc9bdf8"},"breadcrumb":{"@id":"https:\/\/internacional.umh.es\/2025\/07\/08\/la-expansion-internacional-de-la-umh-continua-con-la-mejora-de-los-convenios-con-la-universidad-de-monterrey-y-la-universidad-de-uniminuto-de-bogota\/#breadcrumb"},"inLanguage":"en-US","potentialAction":[{"@type":"ReadAction","target":["https:\/\/internacional.umh.es\/2025\/07\/08\/la-expansion-internacional-de-la-umh-continua-con-la-mejora-de-los-convenios-con-la-universidad-de-monterrey-y-la-universidad-de-uniminuto-de-bogota\/"]}]},{"@type":"BreadcrumbList","@id":"https:\/\/internacional.umh.es\/2025\/07\/08\/la-expansion-internacional-de-la-umh-continua-con-la-mejora-de-los-convenios-con-la-universidad-de-monterrey-y-la-universidad-de-uniminuto-de-bogota\/#breadcrumb","itemListElement":[{"@type":"ListItem","position":1,"name":"Home","item":"https:\/\/internacional.umh.es\/en\/"},{"@type":"ListItem","position":2,"name":"La expansi\u00f3n internacional de la UMH contin\u00faa con la mejora de los convenios con la Universidad de Monterrey y la Universidad de Uniminuto de Bogot\u00e1"}]},{"@type":"Person","@id":"https:\/\/internacional.umh.es\/en\/#\/schema\/person\/eed13c327e1d2faf7c240cdebbc9bdf8","name":"anoguera","image":{"@type":"ImageObject","@id":"https:\/\/internacional.umh.es\/en\/#personlogo","inLanguage":"en-US","url":"https:\/\/secure.gravatar.com\/avatar\/e87d1d03f947368bf6f4625c3348f5a2?s=96&d=mm&r=g","contentUrl":"https:\/\/secure.gravatar.com\/avatar\/e87d1d03f947368bf6f4625c3348f5a2?s=96&d=mm&r=g","caption":"anoguera"},"url":"https:\/\/internacional.umh.es\/en\/author\/anoguera\/"}]}},"_links":{"self":[{"href":"https:\/\/internacional.umh.es\/en\/wp-json\/wp\/v2\/posts\/40468"}],"collection":[{"href":"https:\/\/internacional.umh.es\/en\/wp-json\/wp\/v2\/posts"}],"about":[{"href":"https:\/\/internacional.umh.es\/en\/wp-json\/wp\/v2\/types\/post"}],"author":[{"embeddable":true,"href":"https:\/\/internacional.umh.es\/en\/wp-json\/wp\/v2\/users\/5193"}],"replies":[{"embeddable":true,"href":"https:\/\/internacional.umh.es\/en\/wp-json\/wp\/v2\/comments?post=40468"}],"version-history":[{"count":0,"href":"https:\/\/internacional.umh.es\/en\/wp-json\/wp\/v2\/posts\/40468\/revisions"}],"wp:featuredmedia":[{"embeddable":true,"href":"https:\/\/internacional.umh.es\/en\/wp-json\/wp\/v2\/media\/40471"}],"wp:attachment":[{"href":"https:\/\/internacional.umh.es\/en\/wp-json\/wp\/v2\/media?parent=40468"}],"wp:term":[{"taxonomy":"category","embeddable":true,"href":"https:\/\/internacional.umh.es\/en\/wp-json\/wp\/v2\/categories?post=40468"},{"taxonomy":"post_tag","embeddable":true,"href":"https:\/\/internacional.umh.es\/en\/wp-json\/wp\/v2\/tags?post=40468"}],"curies":[{"name":"wp","href":"https:\/\/api.w.org\/{rel}","templated":true}]}}