{"id":41134,"date":"2025-09-24T14:34:33","date_gmt":"2025-09-24T12:34:33","guid":{"rendered":"https:\/\/internacional.umh.es\/?p=41134"},"modified":"2025-09-25T09:53:14","modified_gmt":"2025-09-25T07:53:14","slug":"la-umh-y-la-coordinadora-valenciana-de-ongds-mejoran-su-convenio-de-colaboracion-en-materia-de-educacion-cultura-e-investigacion","status":"publish","type":"post","link":"https:\/\/internacional.umh.es\/en\/2025\/09\/24\/la-umh-y-la-coordinadora-valenciana-de-ongds-mejoran-su-convenio-de-colaboracion-en-materia-de-educacion-cultura-e-investigacion\/","title":{"rendered":"UMH and Valencian Coordinator of NGOs enhance their collaboration agreement in areas of education, culture, and research"},"content":{"rendered":"<p><\/p>\n<p style=\"text-align: justify\"><span style=\"font-weight: 400\"><a href=\"https:\/\/internacional.umh.es\/files\/2025\/09\/IMG_8401-scaled.jpg\"><img loading=\"lazy\" class=\"size-medium wp-image-41137 alignleft\" src=\"https:\/\/internacional.umh.es\/files\/2025\/09\/IMG_8401-300x169.jpg\" alt=\"\" width=\"300\" height=\"169\" srcset=\"https:\/\/internacional.umh.es\/files\/2025\/09\/IMG_8401-300x169.jpg 300w, https:\/\/internacional.umh.es\/files\/2025\/09\/IMG_8401-1024x575.jpg 1024w, https:\/\/internacional.umh.es\/files\/2025\/09\/IMG_8401-768x431.jpg 768w, https:\/\/internacional.umh.es\/files\/2025\/09\/IMG_8401-1536x863.jpg 1536w, https:\/\/internacional.umh.es\/files\/2025\/09\/IMG_8401-2048x1150.jpg 2048w\" sizes=\"(max-width: 300px) 100vw, 300px\" \/><\/a><\/span>On Wednesday, September 24, Vice Rector for Internationalization and Cooperation at the Miguel Hern\u00e1ndez University of Elche (UMH), Vicente Micol, along with the president of the Valencian Coordinator of NGOs (CVONGD), Enrique Asensi, signed a new agreement to foster collaboration between the UMH and CVONGD in educational and cultural activities, to train personnel, and for research and technological development.<\/p>\n<p style=\"text-align: justify\">In Rectorado &amp; Consejo Social Hall, these two representatives described the agreement by saying it will strengthen the relationship between both entities in addition to defining new lines of action, the aim of which is to encourage volunteering and development cooperation locally. Other individuals accompanying them included UMH Director of Development Cooperation and Volunteerism, Juana Aznar; representative from the Elche Territorial Unit at CVONGD, Nieves Lillo; and representative from the Unit of the Province of Alicante at CVONGD, Gara Pulido.<\/p>\n<p style=\"text-align: justify\">Other lines of action in this new agreement contemplate the possibility of receiving students from the other institution and carrying out research and development projects and programs within UMH facilities as well as at those of the various entities that make up the Valencian Coordinator of NGOs.<\/p>\n<p style=\"text-align: justify\">The Miguel Hern\u00e1ndez University of Elche and the CVONGD have been working closely for the past five years to promote the values of NGOs. The meeting yesterday also highlighted several other points, such as promoting volunteering among the university community and cooperating at upcoming events. One such upcoming event is the University of the Fall IX, which is going to be held at the UMH on October 22 &amp; 23, 2025.<\/p>\n<p>&nbsp;<\/p>\n<p>&nbsp;<\/p>","protected":false},"excerpt":{"rendered":"<p>On Wednesday, September 24, Vice Rector for Internationalization and Cooperation at the Miguel Hern\u00e1ndez University of Elche (UMH), Vicente Micol, along with the president of the Valencian Coordinator of NGOs (CVONGD), Enrique Asensi, signed a new agreement to foster collaboration between the UMH and CVONGD in educational and cultural activities, to train personnel, and for [&#8230;]<\/p>\n","protected":false},"author":28614,"featured_media":0,"comment_status":"closed","ping_status":"closed","sticky":false,"template":"","format":"standard","meta":{"ngg_post_thumbnail":0,"_links_to":"","_links_to_target":""},"categories":[1490527],"tags":[],"yoast_head":"<!-- This site is optimized with the Yoast SEO plugin v17.5 - https:\/\/yoast.com\/wordpress\/plugins\/seo\/ -->\n<meta name=\"robots\" content=\"index, follow, max-snippet:-1, max-image-preview:large, max-video-preview:-1\" \/>\n<link rel=\"canonical\" href=\"https:\/\/internacional.umh.es\/en\/2025\/09\/24\/la-umh-y-la-coordinadora-valenciana-de-ongds-mejoran-su-convenio-de-colaboracion-en-materia-de-educacion-cultura-e-investigacion\/\" \/>\n<meta property=\"og:locale\" content=\"en_US\" \/>\n<meta property=\"og:type\" content=\"article\" \/>\n<meta property=\"og:title\" content=\"UMH and Valencian Coordinator of NGOs enhance their collaboration agreement in areas of education, culture, and research - International Relations and Cooperation\" \/>\n<meta property=\"og:description\" content=\"On Wednesday, September 24, Vice Rector for Internationalization and Cooperation at the Miguel Hern\u00e1ndez University of Elche (UMH), Vicente Micol, along with the president of the Valencian Coordinator of NGOs (CVONGD), Enrique Asensi, signed a new agreement to foster collaboration between the UMH and CVONGD in educational and cultural activities, to train personnel, and for [...]\" \/>\n<meta property=\"og:url\" content=\"https:\/\/internacional.umh.es\/2025\/09\/24\/la-umh-y-la-coordinadora-valenciana-de-ongds-mejoran-su-convenio-de-colaboracion-en-materia-de-educacion-cultura-e-investigacion\/\" \/>\n<meta property=\"og:site_name\" content=\"International Relations and Cooperation\" \/>\n<meta property=\"article:published_time\" content=\"2025-09-24T12:34:33+00:00\" \/>\n<meta property=\"article:modified_time\" content=\"2025-09-25T07:53:14+00:00\" \/>\n<meta property=\"og:image\" content=\"https:\/\/internacional.umh.es\/files\/2025\/09\/IMG_8401-300x169.jpg\" \/>\n<meta name=\"twitter:card\" content=\"summary_large_image\" \/>\n<meta name=\"twitter:label1\" content=\"Written by\" \/>\n\t<meta name=\"twitter:data1\" content=\"paliaga\" \/>\n\t<meta name=\"twitter:label2\" content=\"Est. reading time\" \/>\n\t<meta name=\"twitter:data2\" content=\"3 minutes\" \/>\n<script type=\"application\/ld+json\" class=\"yoast-schema-graph\">{\"@context\":\"https:\/\/schema.org\",\"@graph\":[{\"@type\":\"WebSite\",\"@id\":\"https:\/\/internacional.umh.es\/en\/#website\",\"url\":\"https:\/\/internacional.umh.es\/en\/\",\"name\":\"International Relations and Cooperation\",\"description\":\"Miguel Hernandez University of Elche\",\"potentialAction\":[{\"@type\":\"SearchAction\",\"target\":{\"@type\":\"EntryPoint\",\"urlTemplate\":\"https:\/\/internacional.umh.es\/en\/?s={search_term_string}\"},\"query-input\":\"required name=search_term_string\"}],\"inLanguage\":\"en-US\"},{\"@type\":\"ImageObject\",\"@id\":\"https:\/\/internacional.umh.es\/2025\/09\/24\/la-umh-y-la-coordinadora-valenciana-de-ongds-mejoran-su-convenio-de-colaboracion-en-materia-de-educacion-cultura-e-investigacion\/#primaryimage\",\"inLanguage\":\"en-US\",\"url\":\"https:\/\/internacional.umh.es\/files\/2025\/09\/IMG_8401-300x169.jpg\",\"contentUrl\":\"https:\/\/internacional.umh.es\/files\/2025\/09\/IMG_8401-300x169.jpg\"},{\"@type\":\"WebPage\",\"@id\":\"https:\/\/internacional.umh.es\/2025\/09\/24\/la-umh-y-la-coordinadora-valenciana-de-ongds-mejoran-su-convenio-de-colaboracion-en-materia-de-educacion-cultura-e-investigacion\/#webpage\",\"url\":\"https:\/\/internacional.umh.es\/2025\/09\/24\/la-umh-y-la-coordinadora-valenciana-de-ongds-mejoran-su-convenio-de-colaboracion-en-materia-de-educacion-cultura-e-investigacion\/\",\"name\":\"UMH and Valencian Coordinator of NGOs enhance their collaboration agreement in areas of education, culture, and research - International Relations and Cooperation\",\"isPartOf\":{\"@id\":\"https:\/\/internacional.umh.es\/en\/#website\"},\"primaryImageOfPage\":{\"@id\":\"https:\/\/internacional.umh.es\/2025\/09\/24\/la-umh-y-la-coordinadora-valenciana-de-ongds-mejoran-su-convenio-de-colaboracion-en-materia-de-educacion-cultura-e-investigacion\/#primaryimage\"},\"datePublished\":\"2025-09-24T12:34:33+00:00\",\"dateModified\":\"2025-09-25T07:53:14+00:00\",\"author\":{\"@id\":\"https:\/\/internacional.umh.es\/en\/#\/schema\/person\/80d6ddb6a44115a6086bb4a8a0dc2db6\"},\"breadcrumb\":{\"@id\":\"https:\/\/internacional.umh.es\/2025\/09\/24\/la-umh-y-la-coordinadora-valenciana-de-ongds-mejoran-su-convenio-de-colaboracion-en-materia-de-educacion-cultura-e-investigacion\/#breadcrumb\"},\"inLanguage\":\"en-US\",\"potentialAction\":[{\"@type\":\"ReadAction\",\"target\":[\"https:\/\/internacional.umh.es\/2025\/09\/24\/la-umh-y-la-coordinadora-valenciana-de-ongds-mejoran-su-convenio-de-colaboracion-en-materia-de-educacion-cultura-e-investigacion\/\"]}]},{\"@type\":\"BreadcrumbList\",\"@id\":\"https:\/\/internacional.umh.es\/2025\/09\/24\/la-umh-y-la-coordinadora-valenciana-de-ongds-mejoran-su-convenio-de-colaboracion-en-materia-de-educacion-cultura-e-investigacion\/#breadcrumb\",\"itemListElement\":[{\"@type\":\"ListItem\",\"position\":1,\"name\":\"Home\",\"item\":\"https:\/\/internacional.umh.es\/en\/\"},{\"@type\":\"ListItem\",\"position\":2,\"name\":\"La UMH y la Coordinadora valenciana de ONGDs mejoran su convenio de colaboraci\\u00f3n en materia de educaci\\u00f3n, cultura e investigaci\\u00f3n\"}]},{\"@type\":\"Person\",\"@id\":\"https:\/\/internacional.umh.es\/en\/#\/schema\/person\/80d6ddb6a44115a6086bb4a8a0dc2db6\",\"name\":\"paliaga\",\"image\":{\"@type\":\"ImageObject\",\"@id\":\"https:\/\/internacional.umh.es\/en\/#personlogo\",\"inLanguage\":\"en-US\",\"url\":\"https:\/\/secure.gravatar.com\/avatar\/5baca743863e669ef18bc3c564b897e2?s=96&d=mm&r=g\",\"contentUrl\":\"https:\/\/secure.gravatar.com\/avatar\/5baca743863e669ef18bc3c564b897e2?s=96&d=mm&r=g\",\"caption\":\"paliaga\"},\"url\":\"https:\/\/internacional.umh.es\/en\/author\/paliaga\/\"}]}<\/script>\n<!-- \/ Yoast SEO plugin. -->","yoast_head_json":{"robots":{"index":"index","follow":"follow","max-snippet":"max-snippet:-1","max-image-preview":"max-image-preview:large","max-video-preview":"max-video-preview:-1"},"canonical":"https:\/\/internacional.umh.es\/en\/2025\/09\/24\/la-umh-y-la-coordinadora-valenciana-de-ongds-mejoran-su-convenio-de-colaboracion-en-materia-de-educacion-cultura-e-investigacion\/","og_locale":"en_US","og_type":"article","og_title":"UMH and Valencian Coordinator of NGOs enhance their collaboration agreement in areas of education, culture, and research - International Relations and Cooperation","og_description":"On Wednesday, September 24, Vice Rector for Internationalization and Cooperation at the Miguel Hern\u00e1ndez University of Elche (UMH), Vicente Micol, along with the president of the Valencian Coordinator of NGOs (CVONGD), Enrique Asensi, signed a new agreement to foster collaboration between the UMH and CVONGD in educational and cultural activities, to train personnel, and for [...]","og_url":"https:\/\/internacional.umh.es\/2025\/09\/24\/la-umh-y-la-coordinadora-valenciana-de-ongds-mejoran-su-convenio-de-colaboracion-en-materia-de-educacion-cultura-e-investigacion\/","og_site_name":"International Relations and Cooperation","article_published_time":"2025-09-24T12:34:33+00:00","article_modified_time":"2025-09-25T07:53:14+00:00","og_image":[{"url":"https:\/\/internacional.umh.es\/files\/2025\/09\/IMG_8401-300x169.jpg"}],"twitter_card":"summary_large_image","twitter_misc":{"Written by":"paliaga","Est. reading time":"3 minutes"},"schema":{"@context":"https:\/\/schema.org","@graph":[{"@type":"WebSite","@id":"https:\/\/internacional.umh.es\/en\/#website","url":"https:\/\/internacional.umh.es\/en\/","name":"International Relations and Cooperation","description":"Miguel Hernandez University of Elche","potentialAction":[{"@type":"SearchAction","target":{"@type":"EntryPoint","urlTemplate":"https:\/\/internacional.umh.es\/en\/?s={search_term_string}"},"query-input":"required name=search_term_string"}],"inLanguage":"en-US"},{"@type":"ImageObject","@id":"https:\/\/internacional.umh.es\/2025\/09\/24\/la-umh-y-la-coordinadora-valenciana-de-ongds-mejoran-su-convenio-de-colaboracion-en-materia-de-educacion-cultura-e-investigacion\/#primaryimage","inLanguage":"en-US","url":"https:\/\/internacional.umh.es\/files\/2025\/09\/IMG_8401-300x169.jpg","contentUrl":"https:\/\/internacional.umh.es\/files\/2025\/09\/IMG_8401-300x169.jpg"},{"@type":"WebPage","@id":"https:\/\/internacional.umh.es\/2025\/09\/24\/la-umh-y-la-coordinadora-valenciana-de-ongds-mejoran-su-convenio-de-colaboracion-en-materia-de-educacion-cultura-e-investigacion\/#webpage","url":"https:\/\/internacional.umh.es\/2025\/09\/24\/la-umh-y-la-coordinadora-valenciana-de-ongds-mejoran-su-convenio-de-colaboracion-en-materia-de-educacion-cultura-e-investigacion\/","name":"UMH and Valencian Coordinator of NGOs enhance their collaboration agreement in areas of education, culture, and research - International Relations and Cooperation","isPartOf":{"@id":"https:\/\/internacional.umh.es\/en\/#website"},"primaryImageOfPage":{"@id":"https:\/\/internacional.umh.es\/2025\/09\/24\/la-umh-y-la-coordinadora-valenciana-de-ongds-mejoran-su-convenio-de-colaboracion-en-materia-de-educacion-cultura-e-investigacion\/#primaryimage"},"datePublished":"2025-09-24T12:34:33+00:00","dateModified":"2025-09-25T07:53:14+00:00","author":{"@id":"https:\/\/internacional.umh.es\/en\/#\/schema\/person\/80d6ddb6a44115a6086bb4a8a0dc2db6"},"breadcrumb":{"@id":"https:\/\/internacional.umh.es\/2025\/09\/24\/la-umh-y-la-coordinadora-valenciana-de-ongds-mejoran-su-convenio-de-colaboracion-en-materia-de-educacion-cultura-e-investigacion\/#breadcrumb"},"inLanguage":"en-US","potentialAction":[{"@type":"ReadAction","target":["https:\/\/internacional.umh.es\/2025\/09\/24\/la-umh-y-la-coordinadora-valenciana-de-ongds-mejoran-su-convenio-de-colaboracion-en-materia-de-educacion-cultura-e-investigacion\/"]}]},{"@type":"BreadcrumbList","@id":"https:\/\/internacional.umh.es\/2025\/09\/24\/la-umh-y-la-coordinadora-valenciana-de-ongds-mejoran-su-convenio-de-colaboracion-en-materia-de-educacion-cultura-e-investigacion\/#breadcrumb","itemListElement":[{"@type":"ListItem","position":1,"name":"Home","item":"https:\/\/internacional.umh.es\/en\/"},{"@type":"ListItem","position":2,"name":"La UMH y la Coordinadora valenciana de ONGDs mejoran su convenio de colaboraci\u00f3n en materia de educaci\u00f3n, cultura e investigaci\u00f3n"}]},{"@type":"Person","@id":"https:\/\/internacional.umh.es\/en\/#\/schema\/person\/80d6ddb6a44115a6086bb4a8a0dc2db6","name":"paliaga","image":{"@type":"ImageObject","@id":"https:\/\/internacional.umh.es\/en\/#personlogo","inLanguage":"en-US","url":"https:\/\/secure.gravatar.com\/avatar\/5baca743863e669ef18bc3c564b897e2?s=96&d=mm&r=g","contentUrl":"https:\/\/secure.gravatar.com\/avatar\/5baca743863e669ef18bc3c564b897e2?s=96&d=mm&r=g","caption":"paliaga"},"url":"https:\/\/internacional.umh.es\/en\/author\/paliaga\/"}]}},"_links":{"self":[{"href":"https:\/\/internacional.umh.es\/en\/wp-json\/wp\/v2\/posts\/41134"}],"collection":[{"href":"https:\/\/internacional.umh.es\/en\/wp-json\/wp\/v2\/posts"}],"about":[{"href":"https:\/\/internacional.umh.es\/en\/wp-json\/wp\/v2\/types\/post"}],"author":[{"embeddable":true,"href":"https:\/\/internacional.umh.es\/en\/wp-json\/wp\/v2\/users\/28614"}],"replies":[{"embeddable":true,"href":"https:\/\/internacional.umh.es\/en\/wp-json\/wp\/v2\/comments?post=41134"}],"version-history":[{"count":0,"href":"https:\/\/internacional.umh.es\/en\/wp-json\/wp\/v2\/posts\/41134\/revisions"}],"wp:attachment":[{"href":"https:\/\/internacional.umh.es\/en\/wp-json\/wp\/v2\/media?parent=41134"}],"wp:term":[{"taxonomy":"category","embeddable":true,"href":"https:\/\/internacional.umh.es\/en\/wp-json\/wp\/v2\/categories?post=41134"},{"taxonomy":"post_tag","embeddable":true,"href":"https:\/\/internacional.umh.es\/en\/wp-json\/wp\/v2\/tags?post=41134"}],"curies":[{"name":"wp","href":"https:\/\/api.w.org\/{rel}","templated":true}]}}