{"id":41156,"date":"2025-09-25T14:03:34","date_gmt":"2025-09-25T12:03:34","guid":{"rendered":"https:\/\/internacional.umh.es\/?p=41156"},"modified":"2025-09-26T13:11:12","modified_gmt":"2025-09-26T11:11:12","slug":"arranca-una-nueva-edicion-del-master-erasmus-mundus-en-cosmetica-traslacional-y-ciencias-dermatologicas-con-estudiantes-de-primer-nivel-de-cuatro-continentes","status":"publish","type":"post","link":"https:\/\/internacional.umh.es\/en\/2025\/09\/25\/arranca-una-nueva-edicion-del-master-erasmus-mundus-en-cosmetica-traslacional-y-ciencias-dermatologicas-con-estudiantes-de-primer-nivel-de-cuatro-continentes\/","title":{"rendered":"Start to new edition of Erasmus Mundus Master of Science in Skin Health and Care program with top students hailing from four continents"},"content":{"rendered":"<p><\/p>\n<p style=\"text-align: justify\"><a href=\"https:\/\/internacional.umh.es\/files\/2025\/09\/IMG_8366-scaled.jpg\"><img loading=\"lazy\" class=\"size-medium wp-image-41173 alignleft\" src=\"https:\/\/internacional.umh.es\/files\/2025\/09\/IMG_8366-300x169.jpg\" alt=\"\" width=\"300\" height=\"169\" srcset=\"https:\/\/internacional.umh.es\/files\/2025\/09\/IMG_8366-300x169.jpg 300w, https:\/\/internacional.umh.es\/files\/2025\/09\/IMG_8366-1024x575.jpg 1024w, https:\/\/internacional.umh.es\/files\/2025\/09\/IMG_8366-768x431.jpg 768w, https:\/\/internacional.umh.es\/files\/2025\/09\/IMG_8366-1536x863.jpg 1536w, https:\/\/internacional.umh.es\/files\/2025\/09\/IMG_8366-2048x1150.jpg 2048w\" sizes=\"(max-width: 300px) 100vw, 300px\" \/><\/a>The Miguel Hern\u00e1ndez University of Elche (UMH) has welcomed the graduate students from the Erasmus Mundus European Master of Science in Skin Health and Care (aka, EMOTION) that is part of the Erasmus Mundus program, and whose classes began Wednesday, September 24.<\/p>\n<p style=\"text-align: justify\">The Misteri d\u2019Elx Room in Torrevaillo Hall on the Elche Campus marked the start to this new edition. A warm welcome to the students was given by Vice Rector for Internationalization and Cooperation, Vicente Micol. He encouraged the students present to make the most in learning about the cultural patrimony of the city of Elche as well as break new ground in these new and unfamiliar settings.<\/p>\n<p style=\"text-align: justify\">Accompanying Micol was Asia Fern\u00e1ndez, the master\u2019s coordinator, and she spoke to the students about what they can expect from the program at the UMH. Accompanying these two were other UMH personnel, and they took time to inform the EMOTION students about some of the services offered by the UMH in terms of employment, athletics, culture, and leisure. These individuals included El\u00edas Poveda, a technician from the Service of International Relations and Cooperation; Eva Corbal\u00e1n, from UMH Life; plus Lola L\u00f3pez and Ana Mart\u00ednez, technicians from the Occupational Observatory.<\/p>\n<p style=\"text-align: justify\">In this, the latest edition of EMOTION, students come from many parts of the world. Countries represented include Bangladesh, Colombia, Egypt, Indonesia, Mexico, Pakistan, Russia, Spain, Italy, and Thailand.<\/p>\n<p style=\"text-align: justify\">During yesterday\u2019s welcome, the EMOTION students were also able to tour the UMH Elche Campus, and afterwards, they enjoyed a guided tour around the history city center of Elche.<\/p>\n<p style=\"text-align: justify\">This graduate program receives funding from the Erasmus+ program at the European Commission. EMOTION is two years in length, it is a joint program, and besides UMH, it is taught in conjunction with the University of Namur (Belgium) the University of Eastern Piedmont (Italy).<\/p>\n<p>&nbsp;<\/p>\n<p>&nbsp;<\/p>\n<p style=\"text-align: justify\">&nbsp;<\/p>\n<p>&nbsp;<\/p>\n<p>&nbsp;<\/p>","protected":false},"excerpt":{"rendered":"<p>The Miguel Hern\u00e1ndez University of Elche (UMH) has welcomed the graduate students from the Erasmus Mundus European Master of Science in Skin Health and Care (aka, EMOTION) that is part of the Erasmus Mundus program, and whose classes began Wednesday, September 24.<br \/>\nThe Misteri d\u2019Elx Room in Torrevaillo Hall on the Elche Campus marked the start [&#8230;]<\/p>\n","protected":false},"author":16862,"featured_media":0,"comment_status":"closed","ping_status":"closed","sticky":false,"template":"","format":"standard","meta":{"ngg_post_thumbnail":0,"_links_to":"","_links_to_target":""},"categories":[458],"tags":[],"yoast_head":"<!-- This site is optimized with the Yoast SEO plugin v17.5 - https:\/\/yoast.com\/wordpress\/plugins\/seo\/ -->\n<meta name=\"robots\" content=\"index, follow, max-snippet:-1, max-image-preview:large, max-video-preview:-1\" \/>\n<link rel=\"canonical\" href=\"https:\/\/internacional.umh.es\/en\/2025\/09\/25\/arranca-una-nueva-edicion-del-master-erasmus-mundus-en-cosmetica-traslacional-y-ciencias-dermatologicas-con-estudiantes-de-primer-nivel-de-cuatro-continentes\/\" \/>\n<meta property=\"og:locale\" content=\"en_US\" \/>\n<meta property=\"og:type\" content=\"article\" \/>\n<meta property=\"og:title\" content=\"Start to new edition of Erasmus Mundus Master of Science in Skin Health and Care program with top students hailing from four continents - International Relations and Cooperation\" \/>\n<meta property=\"og:description\" content=\"The Miguel Hern\u00e1ndez University of Elche (UMH) has welcomed the graduate students from the Erasmus Mundus European Master of Science in Skin Health and Care (aka, EMOTION) that is part of the Erasmus Mundus program, and whose classes began Wednesday, September 24. The Misteri d\u2019Elx Room in Torrevaillo Hall on the Elche Campus marked the start [...]\" \/>\n<meta property=\"og:url\" content=\"https:\/\/internacional.umh.es\/en\/2025\/09\/25\/arranca-una-nueva-edicion-del-master-erasmus-mundus-en-cosmetica-traslacional-y-ciencias-dermatologicas-con-estudiantes-de-primer-nivel-de-cuatro-continentes\/\" \/>\n<meta property=\"og:site_name\" content=\"International Relations and Cooperation\" \/>\n<meta property=\"article:published_time\" content=\"2025-09-25T12:03:34+00:00\" \/>\n<meta property=\"article:modified_time\" content=\"2025-09-26T11:11:12+00:00\" \/>\n<meta property=\"og:image\" content=\"https:\/\/internacional.umh.es\/files\/2025\/09\/IMG_8361-300x169.jpg\" \/>\n<meta name=\"twitter:card\" content=\"summary_large_image\" \/>\n<meta name=\"twitter:label1\" content=\"Written by\" \/>\n\t<meta name=\"twitter:data1\" content=\"psaez\" \/>\n\t<meta name=\"twitter:label2\" content=\"Est. reading time\" \/>\n\t<meta name=\"twitter:data2\" content=\"3 minutes\" \/>\n<script type=\"application\/ld+json\" class=\"yoast-schema-graph\">{\"@context\":\"https:\/\/schema.org\",\"@graph\":[{\"@type\":\"WebSite\",\"@id\":\"https:\/\/internacional.umh.es\/en\/#website\",\"url\":\"https:\/\/internacional.umh.es\/en\/\",\"name\":\"International Relations and Cooperation\",\"description\":\"Miguel Hernandez University of Elche\",\"potentialAction\":[{\"@type\":\"SearchAction\",\"target\":{\"@type\":\"EntryPoint\",\"urlTemplate\":\"https:\/\/internacional.umh.es\/en\/?s={search_term_string}\"},\"query-input\":\"required name=search_term_string\"}],\"inLanguage\":\"en-US\"},{\"@type\":\"ImageObject\",\"@id\":\"https:\/\/internacional.umh.es\/en\/2025\/09\/25\/arranca-una-nueva-edicion-del-master-erasmus-mundus-en-cosmetica-traslacional-y-ciencias-dermatologicas-con-estudiantes-de-primer-nivel-de-cuatro-continentes\/#primaryimage\",\"inLanguage\":\"en-US\",\"url\":\"https:\/\/internacional.umh.es\/files\/2025\/09\/IMG_8366-300x169.jpg\",\"contentUrl\":\"https:\/\/internacional.umh.es\/files\/2025\/09\/IMG_8366-300x169.jpg\"},{\"@type\":\"WebPage\",\"@id\":\"https:\/\/internacional.umh.es\/en\/2025\/09\/25\/arranca-una-nueva-edicion-del-master-erasmus-mundus-en-cosmetica-traslacional-y-ciencias-dermatologicas-con-estudiantes-de-primer-nivel-de-cuatro-continentes\/#webpage\",\"url\":\"https:\/\/internacional.umh.es\/en\/2025\/09\/25\/arranca-una-nueva-edicion-del-master-erasmus-mundus-en-cosmetica-traslacional-y-ciencias-dermatologicas-con-estudiantes-de-primer-nivel-de-cuatro-continentes\/\",\"name\":\"Start to new edition of Erasmus Mundus Master of Science in Skin Health and Care program with top students hailing from four continents - International Relations and Cooperation\",\"isPartOf\":{\"@id\":\"https:\/\/internacional.umh.es\/en\/#website\"},\"primaryImageOfPage\":{\"@id\":\"https:\/\/internacional.umh.es\/en\/2025\/09\/25\/arranca-una-nueva-edicion-del-master-erasmus-mundus-en-cosmetica-traslacional-y-ciencias-dermatologicas-con-estudiantes-de-primer-nivel-de-cuatro-continentes\/#primaryimage\"},\"datePublished\":\"2025-09-25T12:03:34+00:00\",\"dateModified\":\"2025-09-26T11:11:12+00:00\",\"author\":{\"@id\":\"https:\/\/internacional.umh.es\/en\/#\/schema\/person\/13afd9dc9521f4af66b6dcf91f09d96d\"},\"breadcrumb\":{\"@id\":\"https:\/\/internacional.umh.es\/en\/2025\/09\/25\/arranca-una-nueva-edicion-del-master-erasmus-mundus-en-cosmetica-traslacional-y-ciencias-dermatologicas-con-estudiantes-de-primer-nivel-de-cuatro-continentes\/#breadcrumb\"},\"inLanguage\":\"en-US\",\"potentialAction\":[{\"@type\":\"ReadAction\",\"target\":[\"https:\/\/internacional.umh.es\/en\/2025\/09\/25\/arranca-una-nueva-edicion-del-master-erasmus-mundus-en-cosmetica-traslacional-y-ciencias-dermatologicas-con-estudiantes-de-primer-nivel-de-cuatro-continentes\/\"]}]},{\"@type\":\"BreadcrumbList\",\"@id\":\"https:\/\/internacional.umh.es\/en\/2025\/09\/25\/arranca-una-nueva-edicion-del-master-erasmus-mundus-en-cosmetica-traslacional-y-ciencias-dermatologicas-con-estudiantes-de-primer-nivel-de-cuatro-continentes\/#breadcrumb\",\"itemListElement\":[{\"@type\":\"ListItem\",\"position\":1,\"name\":\"Home\",\"item\":\"https:\/\/internacional.umh.es\/en\/\"},{\"@type\":\"ListItem\",\"position\":2,\"name\":\"Start to new edition of Erasmus Mundus Master of Science in Skin Health and Care program with top students hailing from four continents\"}]},{\"@type\":\"Person\",\"@id\":\"https:\/\/internacional.umh.es\/en\/#\/schema\/person\/13afd9dc9521f4af66b6dcf91f09d96d\",\"name\":\"psaez\",\"image\":{\"@type\":\"ImageObject\",\"@id\":\"https:\/\/internacional.umh.es\/en\/#personlogo\",\"inLanguage\":\"en-US\",\"url\":\"https:\/\/secure.gravatar.com\/avatar\/166fc26028919e27154cc313e27e7a45?s=96&d=mm&r=g\",\"contentUrl\":\"https:\/\/secure.gravatar.com\/avatar\/166fc26028919e27154cc313e27e7a45?s=96&d=mm&r=g\",\"caption\":\"psaez\"},\"url\":\"https:\/\/internacional.umh.es\/en\/author\/psaez\/\"}]}<\/script>\n<!-- \/ Yoast SEO plugin. -->","yoast_head_json":{"robots":{"index":"index","follow":"follow","max-snippet":"max-snippet:-1","max-image-preview":"max-image-preview:large","max-video-preview":"max-video-preview:-1"},"canonical":"https:\/\/internacional.umh.es\/en\/2025\/09\/25\/arranca-una-nueva-edicion-del-master-erasmus-mundus-en-cosmetica-traslacional-y-ciencias-dermatologicas-con-estudiantes-de-primer-nivel-de-cuatro-continentes\/","og_locale":"en_US","og_type":"article","og_title":"Start to new edition of Erasmus Mundus Master of Science in Skin Health and Care program with top students hailing from four continents - International Relations and Cooperation","og_description":"The Miguel Hern\u00e1ndez University of Elche (UMH) has welcomed the graduate students from the Erasmus Mundus European Master of Science in Skin Health and Care (aka, EMOTION) that is part of the Erasmus Mundus program, and whose classes began Wednesday, September 24. The Misteri d\u2019Elx Room in Torrevaillo Hall on the Elche Campus marked the start [...]","og_url":"https:\/\/internacional.umh.es\/en\/2025\/09\/25\/arranca-una-nueva-edicion-del-master-erasmus-mundus-en-cosmetica-traslacional-y-ciencias-dermatologicas-con-estudiantes-de-primer-nivel-de-cuatro-continentes\/","og_site_name":"International Relations and Cooperation","article_published_time":"2025-09-25T12:03:34+00:00","article_modified_time":"2025-09-26T11:11:12+00:00","og_image":[{"url":"https:\/\/internacional.umh.es\/files\/2025\/09\/IMG_8361-300x169.jpg"}],"twitter_card":"summary_large_image","twitter_misc":{"Written by":"psaez","Est. reading time":"3 minutes"},"schema":{"@context":"https:\/\/schema.org","@graph":[{"@type":"WebSite","@id":"https:\/\/internacional.umh.es\/en\/#website","url":"https:\/\/internacional.umh.es\/en\/","name":"International Relations and Cooperation","description":"Miguel Hernandez University of Elche","potentialAction":[{"@type":"SearchAction","target":{"@type":"EntryPoint","urlTemplate":"https:\/\/internacional.umh.es\/en\/?s={search_term_string}"},"query-input":"required name=search_term_string"}],"inLanguage":"en-US"},{"@type":"ImageObject","@id":"https:\/\/internacional.umh.es\/en\/2025\/09\/25\/arranca-una-nueva-edicion-del-master-erasmus-mundus-en-cosmetica-traslacional-y-ciencias-dermatologicas-con-estudiantes-de-primer-nivel-de-cuatro-continentes\/#primaryimage","inLanguage":"en-US","url":"https:\/\/internacional.umh.es\/files\/2025\/09\/IMG_8366-300x169.jpg","contentUrl":"https:\/\/internacional.umh.es\/files\/2025\/09\/IMG_8366-300x169.jpg"},{"@type":"WebPage","@id":"https:\/\/internacional.umh.es\/en\/2025\/09\/25\/arranca-una-nueva-edicion-del-master-erasmus-mundus-en-cosmetica-traslacional-y-ciencias-dermatologicas-con-estudiantes-de-primer-nivel-de-cuatro-continentes\/#webpage","url":"https:\/\/internacional.umh.es\/en\/2025\/09\/25\/arranca-una-nueva-edicion-del-master-erasmus-mundus-en-cosmetica-traslacional-y-ciencias-dermatologicas-con-estudiantes-de-primer-nivel-de-cuatro-continentes\/","name":"Start to new edition of Erasmus Mundus Master of Science in Skin Health and Care program with top students hailing from four continents - International Relations and Cooperation","isPartOf":{"@id":"https:\/\/internacional.umh.es\/en\/#website"},"primaryImageOfPage":{"@id":"https:\/\/internacional.umh.es\/en\/2025\/09\/25\/arranca-una-nueva-edicion-del-master-erasmus-mundus-en-cosmetica-traslacional-y-ciencias-dermatologicas-con-estudiantes-de-primer-nivel-de-cuatro-continentes\/#primaryimage"},"datePublished":"2025-09-25T12:03:34+00:00","dateModified":"2025-09-26T11:11:12+00:00","author":{"@id":"https:\/\/internacional.umh.es\/en\/#\/schema\/person\/13afd9dc9521f4af66b6dcf91f09d96d"},"breadcrumb":{"@id":"https:\/\/internacional.umh.es\/en\/2025\/09\/25\/arranca-una-nueva-edicion-del-master-erasmus-mundus-en-cosmetica-traslacional-y-ciencias-dermatologicas-con-estudiantes-de-primer-nivel-de-cuatro-continentes\/#breadcrumb"},"inLanguage":"en-US","potentialAction":[{"@type":"ReadAction","target":["https:\/\/internacional.umh.es\/en\/2025\/09\/25\/arranca-una-nueva-edicion-del-master-erasmus-mundus-en-cosmetica-traslacional-y-ciencias-dermatologicas-con-estudiantes-de-primer-nivel-de-cuatro-continentes\/"]}]},{"@type":"BreadcrumbList","@id":"https:\/\/internacional.umh.es\/en\/2025\/09\/25\/arranca-una-nueva-edicion-del-master-erasmus-mundus-en-cosmetica-traslacional-y-ciencias-dermatologicas-con-estudiantes-de-primer-nivel-de-cuatro-continentes\/#breadcrumb","itemListElement":[{"@type":"ListItem","position":1,"name":"Home","item":"https:\/\/internacional.umh.es\/en\/"},{"@type":"ListItem","position":2,"name":"Start to new edition of Erasmus Mundus Master of Science in Skin Health and Care program with top students hailing from four continents"}]},{"@type":"Person","@id":"https:\/\/internacional.umh.es\/en\/#\/schema\/person\/13afd9dc9521f4af66b6dcf91f09d96d","name":"psaez","image":{"@type":"ImageObject","@id":"https:\/\/internacional.umh.es\/en\/#personlogo","inLanguage":"en-US","url":"https:\/\/secure.gravatar.com\/avatar\/166fc26028919e27154cc313e27e7a45?s=96&d=mm&r=g","contentUrl":"https:\/\/secure.gravatar.com\/avatar\/166fc26028919e27154cc313e27e7a45?s=96&d=mm&r=g","caption":"psaez"},"url":"https:\/\/internacional.umh.es\/en\/author\/psaez\/"}]}},"_links":{"self":[{"href":"https:\/\/internacional.umh.es\/en\/wp-json\/wp\/v2\/posts\/41156"}],"collection":[{"href":"https:\/\/internacional.umh.es\/en\/wp-json\/wp\/v2\/posts"}],"about":[{"href":"https:\/\/internacional.umh.es\/en\/wp-json\/wp\/v2\/types\/post"}],"author":[{"embeddable":true,"href":"https:\/\/internacional.umh.es\/en\/wp-json\/wp\/v2\/users\/16862"}],"replies":[{"embeddable":true,"href":"https:\/\/internacional.umh.es\/en\/wp-json\/wp\/v2\/comments?post=41156"}],"version-history":[{"count":0,"href":"https:\/\/internacional.umh.es\/en\/wp-json\/wp\/v2\/posts\/41156\/revisions"}],"wp:attachment":[{"href":"https:\/\/internacional.umh.es\/en\/wp-json\/wp\/v2\/media?parent=41156"}],"wp:term":[{"taxonomy":"category","embeddable":true,"href":"https:\/\/internacional.umh.es\/en\/wp-json\/wp\/v2\/categories?post=41156"},{"taxonomy":"post_tag","embeddable":true,"href":"https:\/\/internacional.umh.es\/en\/wp-json\/wp\/v2\/tags?post=41156"}],"curies":[{"name":"wp","href":"https:\/\/api.w.org\/{rel}","templated":true}]}}