{"id":41686,"date":"2025-10-29T09:26:50","date_gmt":"2025-10-29T08:26:50","guid":{"rendered":"https:\/\/internacional.umh.es\/?p=41686"},"modified":"2025-10-30T10:36:07","modified_gmt":"2025-10-30T09:36:07","slug":"la-umh-expande-su-internacionalizacion-en-america-latina-en-eventos-con-mas-de-4-000-asistentes-de-todo-el-mundo","status":"publish","type":"post","link":"https:\/\/internacional.umh.es\/en\/2025\/10\/29\/la-umh-expande-su-internacionalizacion-en-america-latina-en-eventos-con-mas-de-4-000-asistentes-de-todo-el-mundo\/","title":{"rendered":"UMH forges its internationalization in Latin America at events with more than 4,000 participants from the world over"},"content":{"rendered":"<p><\/p>\n<p style=\"text-align: justify\"><span style=\"font-weight: 400\"><a href=\"https:\/\/internacional.umh.es\/files\/2025\/10\/IMG_3476-1-scaled.jpeg\"><img loading=\"lazy\" class=\"size-medium wp-image-41693 alignleft\" src=\"https:\/\/internacional.umh.es\/files\/2025\/10\/IMG_3476-1-300x225.jpeg\" alt=\"\" width=\"300\" height=\"225\" srcset=\"https:\/\/internacional.umh.es\/files\/2025\/10\/IMG_3476-1-300x225.jpeg 300w, https:\/\/internacional.umh.es\/files\/2025\/10\/IMG_3476-1-1024x768.jpeg 1024w, https:\/\/internacional.umh.es\/files\/2025\/10\/IMG_3476-1-768x576.jpeg 768w, https:\/\/internacional.umh.es\/files\/2025\/10\/IMG_3476-1-1536x1152.jpeg 1536w, https:\/\/internacional.umh.es\/files\/2025\/10\/IMG_3476-1-2048x1536.jpeg 2048w\" sizes=\"(max-width: 300px) 100vw, 300px\" \/><\/a><\/span>Over the week of October 15-19, the Miguel Hern\u00e1ndez University of Elche (UMH), through its Vice Rector for Internationalization and Cooperation, Vicente Micol, and the Deputy Vice Rector for Internationalization, Alberto Rodr\u00edguez, was represented at the Congress of the Americas on International Education (CAEI) in San Jose, Costa Rica. While in that part of the world, Vicente and Alberto also took part at Study in Spain fairs, which on this occasion took place both in the Costa Rican capital as well as in the cities of Bogot\u00e1 (Colombia) and Lima (Peru).<\/p>\n<p style=\"text-align: justify\">Both UMH representatives highlighted the participation at these events as a great opportunity to promote the international strategy of and benefits of learning at the UMH. The congress and these fairs drew over 4,000 people from higher education institutions from all over the world.<\/p>\n<p style=\"text-align: justify\">To be more specific, around one thousand people attended each of the three Study in Spain fairs, and there, almost 3,000 students expressed their interest in the education offered by the Miguel Hern\u00e1ndez University of Elche. In the case of the UMH, Colombia stands out as a country of particular interest, as it is the second largest source of international students currently enrolled at the Elche university.<\/p>\n<p style=\"text-align: justify\">Moreover, the congresses of the Americas on International Education are one of the main events of reference for universities and higher education institutions within the American continents, and on this edition of the event, it attracted over 700 participants from institutions the world over. The presence of the UMH has enabled it to consolidate and expand academic cooperation agreements with Latin American universities, particularly in terms of mobility for faculty and investigators, as well as for entrepreneurship and the advancement of scientific parks.<\/p>\n<p style=\"text-align: justify\">This meeting also served the UMH to strengthen its relationships with the main public universities of Costa Rica, including the University of Costa Rica (UCR), the National University (UNA), and the Technological Institute of Costa Rica (TEC). While in the Americas, UMH representatives also met with represented from the Dominican Republic\u2019s Ministry of Higher Education, Science and Technology, in addition to universities from that country, with the aim of exploring new avenues for collaboration.<\/p>\n<p style=\"text-align: justify\">Currently, the UMH maintains 21 agreements with universities from Colombia, 4 with Costa Rica, 12 from Peru, and an additional 12 in the Dominican Republic. Nurturing these alliances, and even expanding and improving them, represents a boost to UMH internationalization efforts, and these rebound and provide great benefit for the UMH university community who wish to participate in international mobility programs.<\/p>\n<p><a href=\"https:\/\/internacional.umh.es\/files\/2025\/10\/IMG_3488-scaled.jpeg\"><img loading=\"lazy\" class=\"size-medium wp-image-41687 alignleft\" src=\"https:\/\/internacional.umh.es\/files\/2025\/10\/IMG_3488-225x300.jpeg\" alt=\"\" width=\"225\" height=\"300\" srcset=\"https:\/\/internacional.umh.es\/files\/2025\/10\/IMG_3488-225x300.jpeg 225w, https:\/\/internacional.umh.es\/files\/2025\/10\/IMG_3488-768x1024.jpeg 768w, https:\/\/internacional.umh.es\/files\/2025\/10\/IMG_3488-1152x1536.jpeg 1152w, https:\/\/internacional.umh.es\/files\/2025\/10\/IMG_3488-1536x2048.jpeg 1536w, https:\/\/internacional.umh.es\/files\/2025\/10\/IMG_3488-scaled.jpeg 1920w\" sizes=\"(max-width: 225px) 100vw, 225px\" \/><\/a><a href=\"https:\/\/internacional.umh.es\/files\/2025\/10\/df77e193-012e-4ddc-ac27-6562d31639c2-1.jpg\"><img loading=\"lazy\" class=\"size-medium wp-image-41690 alignleft\" src=\"https:\/\/internacional.umh.es\/files\/2025\/10\/df77e193-012e-4ddc-ac27-6562d31639c2-1-300x169.jpg\" alt=\"\" width=\"300\" height=\"169\" srcset=\"https:\/\/internacional.umh.es\/files\/2025\/10\/df77e193-012e-4ddc-ac27-6562d31639c2-1-300x169.jpg 300w, https:\/\/internacional.umh.es\/files\/2025\/10\/df77e193-012e-4ddc-ac27-6562d31639c2-1-1024x576.jpg 1024w, https:\/\/internacional.umh.es\/files\/2025\/10\/df77e193-012e-4ddc-ac27-6562d31639c2-1-768x432.jpg 768w, https:\/\/internacional.umh.es\/files\/2025\/10\/df77e193-012e-4ddc-ac27-6562d31639c2-1-1536x864.jpg 1536w, https:\/\/internacional.umh.es\/files\/2025\/10\/df77e193-012e-4ddc-ac27-6562d31639c2-1.jpg 1600w\" sizes=\"(max-width: 300px) 100vw, 300px\" \/><\/a><\/p>","protected":false},"excerpt":{"rendered":"<p>Over the week of October 15-19, the Miguel Hern\u00e1ndez University of Elche (UMH), through its Vice Rector for Internationalization and Cooperation, Vicente Micol, and the Deputy Vice Rector for Internationalization, Alberto Rodr\u00edguez, was represented at the Congress of the Americas on International Education (CAEI) in San Jose, Costa Rica. While in that part of the [&#8230;]<\/p>\n","protected":false},"author":28614,"featured_media":0,"comment_status":"closed","ping_status":"closed","sticky":false,"template":"","format":"standard","meta":{"ngg_post_thumbnail":0,"_links_to":"","_links_to_target":""},"categories":[53411],"tags":[],"yoast_head":"<!-- This site is optimized with the Yoast SEO plugin v17.5 - https:\/\/yoast.com\/wordpress\/plugins\/seo\/ -->\n<meta name=\"robots\" content=\"index, follow, max-snippet:-1, max-image-preview:large, max-video-preview:-1\" \/>\n<link rel=\"canonical\" href=\"https:\/\/internacional.umh.es\/en\/2025\/10\/29\/la-umh-expande-su-internacionalizacion-en-america-latina-en-eventos-con-mas-de-4-000-asistentes-de-todo-el-mundo\/\" \/>\n<meta property=\"og:locale\" content=\"en_US\" \/>\n<meta property=\"og:type\" content=\"article\" \/>\n<meta property=\"og:title\" content=\"UMH forges its internationalization in Latin America at events with more than 4,000 participants from the world over - International Relations and Cooperation\" \/>\n<meta property=\"og:description\" content=\"Over the week of October 15-19, the Miguel Hern\u00e1ndez University of Elche (UMH), through its Vice Rector for Internationalization and Cooperation, Vicente Micol, and the Deputy Vice Rector for Internationalization, Alberto Rodr\u00edguez, was represented at the Congress of the Americas on International Education (CAEI) in San Jose, Costa Rica. While in that part of the [...]\" \/>\n<meta property=\"og:url\" content=\"https:\/\/internacional.umh.es\/2025\/10\/29\/la-umh-expande-su-internacionalizacion-en-america-latina-en-eventos-con-mas-de-4-000-asistentes-de-todo-el-mundo\/\" \/>\n<meta property=\"og:site_name\" content=\"International Relations and Cooperation\" \/>\n<meta property=\"article:published_time\" content=\"2025-10-29T08:26:50+00:00\" \/>\n<meta property=\"article:modified_time\" content=\"2025-10-30T09:36:07+00:00\" \/>\n<meta property=\"og:image\" content=\"https:\/\/internacional.umh.es\/files\/2025\/10\/IMG_3476-1-300x225.jpeg\" \/>\n<meta name=\"twitter:card\" content=\"summary_large_image\" \/>\n<meta name=\"twitter:label1\" content=\"Written by\" \/>\n\t<meta name=\"twitter:data1\" content=\"paliaga\" \/>\n\t<meta name=\"twitter:label2\" content=\"Est. reading time\" \/>\n\t<meta name=\"twitter:data2\" content=\"4 minutes\" \/>\n<script type=\"application\/ld+json\" class=\"yoast-schema-graph\">{\"@context\":\"https:\/\/schema.org\",\"@graph\":[{\"@type\":\"WebSite\",\"@id\":\"https:\/\/internacional.umh.es\/en\/#website\",\"url\":\"https:\/\/internacional.umh.es\/en\/\",\"name\":\"International Relations and Cooperation\",\"description\":\"Miguel Hernandez University of Elche\",\"potentialAction\":[{\"@type\":\"SearchAction\",\"target\":{\"@type\":\"EntryPoint\",\"urlTemplate\":\"https:\/\/internacional.umh.es\/en\/?s={search_term_string}\"},\"query-input\":\"required name=search_term_string\"}],\"inLanguage\":\"en-US\"},{\"@type\":\"ImageObject\",\"@id\":\"https:\/\/internacional.umh.es\/2025\/10\/29\/la-umh-expande-su-internacionalizacion-en-america-latina-en-eventos-con-mas-de-4-000-asistentes-de-todo-el-mundo\/#primaryimage\",\"inLanguage\":\"en-US\",\"url\":\"https:\/\/internacional.umh.es\/files\/2025\/10\/IMG_3476-1-300x225.jpeg\",\"contentUrl\":\"https:\/\/internacional.umh.es\/files\/2025\/10\/IMG_3476-1-300x225.jpeg\"},{\"@type\":\"WebPage\",\"@id\":\"https:\/\/internacional.umh.es\/2025\/10\/29\/la-umh-expande-su-internacionalizacion-en-america-latina-en-eventos-con-mas-de-4-000-asistentes-de-todo-el-mundo\/#webpage\",\"url\":\"https:\/\/internacional.umh.es\/2025\/10\/29\/la-umh-expande-su-internacionalizacion-en-america-latina-en-eventos-con-mas-de-4-000-asistentes-de-todo-el-mundo\/\",\"name\":\"UMH forges its internationalization in Latin America at events with more than 4,000 participants from the world over - International Relations and Cooperation\",\"isPartOf\":{\"@id\":\"https:\/\/internacional.umh.es\/en\/#website\"},\"primaryImageOfPage\":{\"@id\":\"https:\/\/internacional.umh.es\/2025\/10\/29\/la-umh-expande-su-internacionalizacion-en-america-latina-en-eventos-con-mas-de-4-000-asistentes-de-todo-el-mundo\/#primaryimage\"},\"datePublished\":\"2025-10-29T08:26:50+00:00\",\"dateModified\":\"2025-10-30T09:36:07+00:00\",\"author\":{\"@id\":\"https:\/\/internacional.umh.es\/en\/#\/schema\/person\/80d6ddb6a44115a6086bb4a8a0dc2db6\"},\"breadcrumb\":{\"@id\":\"https:\/\/internacional.umh.es\/2025\/10\/29\/la-umh-expande-su-internacionalizacion-en-america-latina-en-eventos-con-mas-de-4-000-asistentes-de-todo-el-mundo\/#breadcrumb\"},\"inLanguage\":\"en-US\",\"potentialAction\":[{\"@type\":\"ReadAction\",\"target\":[\"https:\/\/internacional.umh.es\/2025\/10\/29\/la-umh-expande-su-internacionalizacion-en-america-latina-en-eventos-con-mas-de-4-000-asistentes-de-todo-el-mundo\/\"]}]},{\"@type\":\"BreadcrumbList\",\"@id\":\"https:\/\/internacional.umh.es\/2025\/10\/29\/la-umh-expande-su-internacionalizacion-en-america-latina-en-eventos-con-mas-de-4-000-asistentes-de-todo-el-mundo\/#breadcrumb\",\"itemListElement\":[{\"@type\":\"ListItem\",\"position\":1,\"name\":\"Home\",\"item\":\"https:\/\/internacional.umh.es\/en\/\"},{\"@type\":\"ListItem\",\"position\":2,\"name\":\"La UMH expande su internacionalizaci\\u00f3n en Am\\u00e9rica Latina en eventos con m\\u00e1s de 4.000 asistentes de todo el mundo\"}]},{\"@type\":\"Person\",\"@id\":\"https:\/\/internacional.umh.es\/en\/#\/schema\/person\/80d6ddb6a44115a6086bb4a8a0dc2db6\",\"name\":\"paliaga\",\"image\":{\"@type\":\"ImageObject\",\"@id\":\"https:\/\/internacional.umh.es\/en\/#personlogo\",\"inLanguage\":\"en-US\",\"url\":\"https:\/\/secure.gravatar.com\/avatar\/5baca743863e669ef18bc3c564b897e2?s=96&d=mm&r=g\",\"contentUrl\":\"https:\/\/secure.gravatar.com\/avatar\/5baca743863e669ef18bc3c564b897e2?s=96&d=mm&r=g\",\"caption\":\"paliaga\"},\"url\":\"https:\/\/internacional.umh.es\/en\/author\/paliaga\/\"}]}<\/script>\n<!-- \/ Yoast SEO plugin. -->","yoast_head_json":{"robots":{"index":"index","follow":"follow","max-snippet":"max-snippet:-1","max-image-preview":"max-image-preview:large","max-video-preview":"max-video-preview:-1"},"canonical":"https:\/\/internacional.umh.es\/en\/2025\/10\/29\/la-umh-expande-su-internacionalizacion-en-america-latina-en-eventos-con-mas-de-4-000-asistentes-de-todo-el-mundo\/","og_locale":"en_US","og_type":"article","og_title":"UMH forges its internationalization in Latin America at events with more than 4,000 participants from the world over - International Relations and Cooperation","og_description":"Over the week of October 15-19, the Miguel Hern\u00e1ndez University of Elche (UMH), through its Vice Rector for Internationalization and Cooperation, Vicente Micol, and the Deputy Vice Rector for Internationalization, Alberto Rodr\u00edguez, was represented at the Congress of the Americas on International Education (CAEI) in San Jose, Costa Rica. While in that part of the [...]","og_url":"https:\/\/internacional.umh.es\/2025\/10\/29\/la-umh-expande-su-internacionalizacion-en-america-latina-en-eventos-con-mas-de-4-000-asistentes-de-todo-el-mundo\/","og_site_name":"International Relations and Cooperation","article_published_time":"2025-10-29T08:26:50+00:00","article_modified_time":"2025-10-30T09:36:07+00:00","og_image":[{"url":"https:\/\/internacional.umh.es\/files\/2025\/10\/IMG_3476-1-300x225.jpeg"}],"twitter_card":"summary_large_image","twitter_misc":{"Written by":"paliaga","Est. reading time":"4 minutes"},"schema":{"@context":"https:\/\/schema.org","@graph":[{"@type":"WebSite","@id":"https:\/\/internacional.umh.es\/en\/#website","url":"https:\/\/internacional.umh.es\/en\/","name":"International Relations and Cooperation","description":"Miguel Hernandez University of Elche","potentialAction":[{"@type":"SearchAction","target":{"@type":"EntryPoint","urlTemplate":"https:\/\/internacional.umh.es\/en\/?s={search_term_string}"},"query-input":"required name=search_term_string"}],"inLanguage":"en-US"},{"@type":"ImageObject","@id":"https:\/\/internacional.umh.es\/2025\/10\/29\/la-umh-expande-su-internacionalizacion-en-america-latina-en-eventos-con-mas-de-4-000-asistentes-de-todo-el-mundo\/#primaryimage","inLanguage":"en-US","url":"https:\/\/internacional.umh.es\/files\/2025\/10\/IMG_3476-1-300x225.jpeg","contentUrl":"https:\/\/internacional.umh.es\/files\/2025\/10\/IMG_3476-1-300x225.jpeg"},{"@type":"WebPage","@id":"https:\/\/internacional.umh.es\/2025\/10\/29\/la-umh-expande-su-internacionalizacion-en-america-latina-en-eventos-con-mas-de-4-000-asistentes-de-todo-el-mundo\/#webpage","url":"https:\/\/internacional.umh.es\/2025\/10\/29\/la-umh-expande-su-internacionalizacion-en-america-latina-en-eventos-con-mas-de-4-000-asistentes-de-todo-el-mundo\/","name":"UMH forges its internationalization in Latin America at events with more than 4,000 participants from the world over - International Relations and Cooperation","isPartOf":{"@id":"https:\/\/internacional.umh.es\/en\/#website"},"primaryImageOfPage":{"@id":"https:\/\/internacional.umh.es\/2025\/10\/29\/la-umh-expande-su-internacionalizacion-en-america-latina-en-eventos-con-mas-de-4-000-asistentes-de-todo-el-mundo\/#primaryimage"},"datePublished":"2025-10-29T08:26:50+00:00","dateModified":"2025-10-30T09:36:07+00:00","author":{"@id":"https:\/\/internacional.umh.es\/en\/#\/schema\/person\/80d6ddb6a44115a6086bb4a8a0dc2db6"},"breadcrumb":{"@id":"https:\/\/internacional.umh.es\/2025\/10\/29\/la-umh-expande-su-internacionalizacion-en-america-latina-en-eventos-con-mas-de-4-000-asistentes-de-todo-el-mundo\/#breadcrumb"},"inLanguage":"en-US","potentialAction":[{"@type":"ReadAction","target":["https:\/\/internacional.umh.es\/2025\/10\/29\/la-umh-expande-su-internacionalizacion-en-america-latina-en-eventos-con-mas-de-4-000-asistentes-de-todo-el-mundo\/"]}]},{"@type":"BreadcrumbList","@id":"https:\/\/internacional.umh.es\/2025\/10\/29\/la-umh-expande-su-internacionalizacion-en-america-latina-en-eventos-con-mas-de-4-000-asistentes-de-todo-el-mundo\/#breadcrumb","itemListElement":[{"@type":"ListItem","position":1,"name":"Home","item":"https:\/\/internacional.umh.es\/en\/"},{"@type":"ListItem","position":2,"name":"La UMH expande su internacionalizaci\u00f3n en Am\u00e9rica Latina en eventos con m\u00e1s de 4.000 asistentes de todo el mundo"}]},{"@type":"Person","@id":"https:\/\/internacional.umh.es\/en\/#\/schema\/person\/80d6ddb6a44115a6086bb4a8a0dc2db6","name":"paliaga","image":{"@type":"ImageObject","@id":"https:\/\/internacional.umh.es\/en\/#personlogo","inLanguage":"en-US","url":"https:\/\/secure.gravatar.com\/avatar\/5baca743863e669ef18bc3c564b897e2?s=96&d=mm&r=g","contentUrl":"https:\/\/secure.gravatar.com\/avatar\/5baca743863e669ef18bc3c564b897e2?s=96&d=mm&r=g","caption":"paliaga"},"url":"https:\/\/internacional.umh.es\/en\/author\/paliaga\/"}]}},"_links":{"self":[{"href":"https:\/\/internacional.umh.es\/en\/wp-json\/wp\/v2\/posts\/41686"}],"collection":[{"href":"https:\/\/internacional.umh.es\/en\/wp-json\/wp\/v2\/posts"}],"about":[{"href":"https:\/\/internacional.umh.es\/en\/wp-json\/wp\/v2\/types\/post"}],"author":[{"embeddable":true,"href":"https:\/\/internacional.umh.es\/en\/wp-json\/wp\/v2\/users\/28614"}],"replies":[{"embeddable":true,"href":"https:\/\/internacional.umh.es\/en\/wp-json\/wp\/v2\/comments?post=41686"}],"version-history":[{"count":0,"href":"https:\/\/internacional.umh.es\/en\/wp-json\/wp\/v2\/posts\/41686\/revisions"}],"wp:attachment":[{"href":"https:\/\/internacional.umh.es\/en\/wp-json\/wp\/v2\/media?parent=41686"}],"wp:term":[{"taxonomy":"category","embeddable":true,"href":"https:\/\/internacional.umh.es\/en\/wp-json\/wp\/v2\/categories?post=41686"},{"taxonomy":"post_tag","embeddable":true,"href":"https:\/\/internacional.umh.es\/en\/wp-json\/wp\/v2\/tags?post=41686"}],"curies":[{"name":"wp","href":"https:\/\/api.w.org\/{rel}","templated":true}]}}