{"id":4206,"date":"2017-03-09T21:49:28","date_gmt":"2017-03-09T20:49:28","guid":{"rendered":"http:\/\/internacional.umh.es\/?p=4206"},"modified":"2017-03-29T09:46:41","modified_gmt":"2017-03-29T07:46:41","slug":"el-fotoperiodista-jose-pedro-martinez-expone-su-trabajo-mexico-fronterizo-en-la-umh","status":"publish","type":"post","link":"https:\/\/internacional.umh.es\/en\/2017\/03\/09\/el-fotoperiodista-jose-pedro-martinez-expone-su-trabajo-mexico-fronterizo-en-la-umh\/","title":{"rendered":"PHOTOJOURNALIST JOS\u00c9 PEDRO MART\u00cdNEZ EXHIBITS HIS WORK, M\u00c9XICO FRONTERIZO, AT THE UMH"},"content":{"rendered":"<p><strong><em><a href=\"https:\/\/internacional.umh.es\/files\/2017\/03\/Cartel_MexicoFronterizoweb-1.jpg\"><img loading=\"lazy\" class=\"alignleft wp-image-4209\" src=\"https:\/\/internacional.umh.es\/files\/2017\/03\/Cartel_MexicoFronterizoweb-1-212x300.jpg\" alt=\"Cartel_MexicoFronterizo(web)\" width=\"177\" height=\"251\" srcset=\"https:\/\/internacional.umh.es\/files\/2017\/03\/Cartel_MexicoFronterizoweb-1-212x300.jpg 212w, https:\/\/internacional.umh.es\/files\/2017\/03\/Cartel_MexicoFronterizoweb-1-768x1086.jpg 768w, https:\/\/internacional.umh.es\/files\/2017\/03\/Cartel_MexicoFronterizoweb-1-724x1024.jpg 724w, https:\/\/internacional.umh.es\/files\/2017\/03\/Cartel_MexicoFronterizoweb-1.jpg 1240w\" sizes=\"(max-width: 177px) 100vw, 177px\" \/><\/a>M\u00e9xico Fronterizo: Acercamiento desde el fotoperiodismo<\/em> <\/strong>(Frontier Mexico: A Photojournalistic Approach) is the name given to the photographic collection by journalist <strong><a href=\"https:\/\/www.instagram.com\/josepeter_parker\/\">Jos\u00e9 Pedro Mart\u00ednez<\/a><\/strong>, and comprised of two parts: <em>La ciudad de los deportados<\/em> (City of the Deported) and <em>Or\u00edgenes <\/em>(Origins). The first collection features the two migratory flows that converge on the Mexican\/US border through photographs of those deported, migrants in transit, and scenes of everyday life in city stopping points along the way, such as Tijuana. Its second part, the series on <em>Guerrero<\/em>, reflects the social context from many of the migrant protagonists in the photographs, according to the photojournalist.<\/p>\n<p><em>M\u00e9xico Fronterizo<\/em> is a selection of the documentary work by the photojournalist, who for years has been working freelance along the Mexican border, and has been published in prominent media, including \u00a0<strong><a href=\"http:\/\/www.newsweekespanol.com.mx\/\">Newsweek<\/a><\/strong>,<strong> <a href=\"http:\/\/eldiario.es\/\">eldiario.es<\/a><\/strong>,<strong> <a href=\"http:\/\/theguardian.com\/\">The Guardian<\/a><\/strong>, and<strong> <a href=\"http:\/\/aljazeera.com\/\">Al Jazeera<\/a><\/strong>. Mart\u00ednez presents the exhibition as a vehicle to \u201ctell what is occurring in this part of the world with the human rights to thousands of migrant individuals,\u201d and he thinks that its university showing can \u201cmotivate other students to put an effort forth and gain a passion to become journalists.\u201d<\/p>\n<p><strong>Jos\u00e9 Pedro Mart\u00ednez<\/strong> holds a UMH <a href=\"http:\/\/www.umh.es\/contenido\/Estudios\/:tit_g_140_R1\/datos_en.html\">Bachelor\u2019s in Journalism<\/a> degree. He went to M\u00e9rida, Mexico, in 2011 with a grant from the UMH Destino Exchange program. A few months later, he moved to the north of that country and began his training at a local television channel. From that moment onward, with the exception of the past academic year, when he returned to Spain to enroll in this university\u2019s <a href=\"http:\/\/www.umh.es\/contenido\/Estudios\/:tit_m_182\/datos_en.html\">Master\u2019s in Innovation in Journalism<\/a> program, Mart\u00ednez has lived and worked along the Mexican border. Currently, he collaborates closely with the <a href=\"http:\/\/www.losangelespress.org\/\">Los \u00c1ngeles Press<\/a>, a Mexican not-for-profit media organization specializing in politics, democracy, and human rights.<\/p>\n<div id=\"attachment_4214\" style=\"width: 522px\" class=\"wp-caption aligncenter\"><a href=\"https:\/\/internacional.umh.es\/files\/2017\/03\/c24f607a-5054-4d98-a5ca-8286f5aa01e7.jpg\"><img aria-describedby=\"caption-attachment-4214\" loading=\"lazy\" class=\" wp-image-4214\" src=\"https:\/\/internacional.umh.es\/files\/2017\/03\/c24f607a-5054-4d98-a5ca-8286f5aa01e7-300x200.jpg\" alt=\"One of the photographs in the collection, Ciudad de los deportados, by Jos\u00e9 Pedro Mart\u00ednez.\" width=\"512\" height=\"341\" srcset=\"https:\/\/internacional.umh.es\/files\/2017\/03\/c24f607a-5054-4d98-a5ca-8286f5aa01e7-300x200.jpg 300w, https:\/\/internacional.umh.es\/files\/2017\/03\/c24f607a-5054-4d98-a5ca-8286f5aa01e7-768x512.jpg 768w, https:\/\/internacional.umh.es\/files\/2017\/03\/c24f607a-5054-4d98-a5ca-8286f5aa01e7.jpg 1024w\" sizes=\"(max-width: 512px) 100vw, 512px\" \/><\/a><p id=\"caption-attachment-4214\" class=\"wp-caption-text\">One of the photographs in the collection, <em>Ciudad de los deportados<\/em>, by Jos\u00e9 Pedro Mart\u00ednez.<\/p><\/div>\n<p><span style=\"color: #ffffff\">.<\/span><\/p>\n<p>The journalist also freelances, reporting in international media on the complicated situation at the border, which is reflected in the exhibition on display at the UMH: \u201cOver the past 10 years, deportations have increased, and the cities there have transformed very quickly. We are talking about three million people who had passed through this border and were kicked out of the United States, to which we must add the various flows of hundreds of thousands of migrants of diverse origins who themselves are moving north,\u201d explains Mart\u00ednez. \u201cThe quantity of Central Americans fleeing violence has grown alarmingly over the last three years; many of them are adolescents, and there are even small children. It is a very complex situation to which diverse cultural, political, and social problems come together, creating what gives name to this region between two countries: the border.\u201d<\/p>\n<p>The exhibition, organized by the Vice Rectorate for Culture and University Extension, in collaboration with the Vice Rectorate for International Relations, the Faculty of Social and Legal Sciences, and the Department of Social and Human Sciences, was inaugurated this morning by the UMH Rector, Jes\u00fas Pastor Ciurana. The collection of photographs will be on display until May 31 in the Gray Room of the Rectorado &amp; Consejo Social Building on the Elche Campus.<\/p>\n<p>\n\t\t<style type=\"text\/css\">\n\t\t\t#gallery-2 {\n\t\t\t\tmargin: auto;\n\t\t\t}\n\t\t\t#gallery-2 .gallery-item {\n\t\t\t\tfloat: left;\n\t\t\t\tmargin-top: 10px;\n\t\t\t\ttext-align: center;\n\t\t\t\twidth: 25%;\n\t\t\t}\n\t\t\t#gallery-2 img {\n\t\t\t\tborder: 2px solid #cfcfcf;\n\t\t\t}\n\t\t\t#gallery-2 .gallery-caption {\n\t\t\t\tmargin-left: 0;\n\t\t\t}\n\t\t\t\/* see gallery_shortcode() in wp-includes\/media.php *\/\n\t\t<\/style>\n\t\t<div id='gallery-2' class='gallery galleryid-4206 gallery-columns-4 gallery-size-thumbnail'><dl class='gallery-item'>\n\t\t\t<dt class='gallery-icon landscape'>\n\t\t\t\t<a href='https:\/\/internacional.umh.es\/files\/2017\/03\/DSC_0068.jpg'><img width=\"150\" height=\"150\" src=\"https:\/\/internacional.umh.es\/files\/2017\/03\/DSC_0068-150x150.jpg\" class=\"attachment-thumbnail size-thumbnail\" alt=\"\" loading=\"lazy\" srcset=\"https:\/\/internacional.umh.es\/files\/2017\/03\/DSC_0068-150x150.jpg 150w, https:\/\/internacional.umh.es\/files\/2017\/03\/DSC_0068-32x32.jpg 32w, https:\/\/internacional.umh.es\/files\/2017\/03\/DSC_0068-64x64.jpg 64w, https:\/\/internacional.umh.es\/files\/2017\/03\/DSC_0068-96x96.jpg 96w, https:\/\/internacional.umh.es\/files\/2017\/03\/DSC_0068-128x128.jpg 128w\" sizes=\"(max-width: 150px) 100vw, 150px\" \/><\/a>\n\t\t\t<\/dt><\/dl><dl class='gallery-item'>\n\t\t\t<dt class='gallery-icon landscape'>\n\t\t\t\t<a href='https:\/\/internacional.umh.es\/files\/2017\/03\/DSC_0045.jpg'><img width=\"150\" height=\"150\" src=\"https:\/\/internacional.umh.es\/files\/2017\/03\/DSC_0045-150x150.jpg\" class=\"attachment-thumbnail size-thumbnail\" alt=\"\" loading=\"lazy\" srcset=\"https:\/\/internacional.umh.es\/files\/2017\/03\/DSC_0045-150x150.jpg 150w, https:\/\/internacional.umh.es\/files\/2017\/03\/DSC_0045-32x32.jpg 32w, https:\/\/internacional.umh.es\/files\/2017\/03\/DSC_0045-64x64.jpg 64w, https:\/\/internacional.umh.es\/files\/2017\/03\/DSC_0045-96x96.jpg 96w, https:\/\/internacional.umh.es\/files\/2017\/03\/DSC_0045-128x128.jpg 128w\" sizes=\"(max-width: 150px) 100vw, 150px\" \/><\/a>\n\t\t\t<\/dt><\/dl><dl class='gallery-item'>\n\t\t\t<dt class='gallery-icon landscape'>\n\t\t\t\t<a href='https:\/\/internacional.umh.es\/files\/2017\/03\/DSC_0064.jpg'><img width=\"150\" height=\"150\" src=\"https:\/\/internacional.umh.es\/files\/2017\/03\/DSC_0064-150x150.jpg\" class=\"attachment-thumbnail size-thumbnail\" alt=\"\" loading=\"lazy\" srcset=\"https:\/\/internacional.umh.es\/files\/2017\/03\/DSC_0064-150x150.jpg 150w, https:\/\/internacional.umh.es\/files\/2017\/03\/DSC_0064-32x32.jpg 32w, https:\/\/internacional.umh.es\/files\/2017\/03\/DSC_0064-64x64.jpg 64w, https:\/\/internacional.umh.es\/files\/2017\/03\/DSC_0064-96x96.jpg 96w, https:\/\/internacional.umh.es\/files\/2017\/03\/DSC_0064-128x128.jpg 128w\" sizes=\"(max-width: 150px) 100vw, 150px\" \/><\/a>\n\t\t\t<\/dt><\/dl><dl class='gallery-item'>\n\t\t\t<dt class='gallery-icon landscape'>\n\t\t\t\t<a href='https:\/\/internacional.umh.es\/files\/2017\/03\/8.jpg'><img width=\"150\" height=\"150\" src=\"https:\/\/internacional.umh.es\/files\/2017\/03\/8-150x150.jpg\" class=\"attachment-thumbnail size-thumbnail\" alt=\"\" loading=\"lazy\" srcset=\"https:\/\/internacional.umh.es\/files\/2017\/03\/8-150x150.jpg 150w, https:\/\/internacional.umh.es\/files\/2017\/03\/8-32x32.jpg 32w, https:\/\/internacional.umh.es\/files\/2017\/03\/8-64x64.jpg 64w, https:\/\/internacional.umh.es\/files\/2017\/03\/8-96x96.jpg 96w, https:\/\/internacional.umh.es\/files\/2017\/03\/8-128x128.jpg 128w\" sizes=\"(max-width: 150px) 100vw, 150px\" \/><\/a>\n\t\t\t<\/dt><\/dl><br style=\"clear: both\" \/>\n\t\t<\/div>\n<\/p>","protected":false},"excerpt":{"rendered":"<p>M\u00e9xico Fronterizo: Acercamiento desde el fotoperiodismo (Frontier Mexico: A Photojournalistic Approach) is the name given to the photographic collection by journalist Jos\u00e9 Pedro Mart\u00ednez, and comprised of two parts: La ciudad de los deportados (City of the Deported) and Or\u00edgenes (Origins). The first collection features the two migratory flows that converge on the Mexican\/US border [&#8230;]<\/p>\n","protected":false},"author":3296,"featured_media":0,"comment_status":"closed","ping_status":"closed","sticky":false,"template":"","format":"standard","meta":{"ngg_post_thumbnail":0,"_links_to":"","_links_to_target":""},"categories":[283],"tags":[4047,87,3065,690,3724,2276],"yoast_head":"<!-- This site is optimized with the Yoast SEO plugin v17.5 - https:\/\/yoast.com\/wordpress\/plugins\/seo\/ -->\n<meta name=\"robots\" content=\"index, follow, max-snippet:-1, max-image-preview:large, max-video-preview:-1\" \/>\n<link rel=\"canonical\" href=\"https:\/\/internacional.umh.es\/en\/2017\/03\/09\/el-fotoperiodista-jose-pedro-martinez-expone-su-trabajo-mexico-fronterizo-en-la-umh\/\" \/>\n<meta property=\"og:locale\" content=\"en_US\" \/>\n<meta property=\"og:type\" content=\"article\" \/>\n<meta property=\"og:title\" content=\"EL FOTOPERIODISTA JOS\u00c9 PEDRO MART\u00cdNEZ EXPONE SU TRABAJO &#039;M\u00c9XICO FRONTERIZO&#039; EN LA UMHPHOTOJOURNALIST JOS\u00c9 PEDRO MART\u00cdNEZ EXHIBITS HIS WORK, M\u00c9XICO FRONTERIZO, AT THE UMH - International Relations and Cooperation\" \/>\n<meta property=\"og:description\" content=\"M\u00e9xico Fronterizo: Acercamiento desde el fotoperiodismo (Frontier Mexico: A Photojournalistic Approach) is the name given to the photographic collection by journalist Jos\u00e9 Pedro Mart\u00ednez, and comprised of two parts: La ciudad de los deportados (City of the Deported) and Or\u00edgenes (Origins). The first collection features the two migratory flows that converge on the Mexican\/US border [...]\" \/>\n<meta property=\"og:url\" content=\"https:\/\/internacional.umh.es\/en\/2017\/03\/09\/el-fotoperiodista-jose-pedro-martinez-expone-su-trabajo-mexico-fronterizo-en-la-umh\/\" \/>\n<meta property=\"og:site_name\" content=\"International Relations and Cooperation\" \/>\n<meta property=\"article:published_time\" content=\"2017-03-09T20:49:28+00:00\" \/>\n<meta property=\"article:modified_time\" content=\"2017-03-29T07:46:41+00:00\" \/>\n<meta property=\"og:image\" content=\"https:\/\/internacional.umh.es\/files\/2017\/03\/Cartel_MexicoFronterizoweb-1-150x150.jpg\" \/>\n<meta name=\"twitter:card\" content=\"summary_large_image\" \/>\n<meta name=\"twitter:label1\" content=\"Written by\" \/>\n\t<meta name=\"twitter:data1\" content=\"Lis Gaibar\" \/>\n\t<meta name=\"twitter:label2\" content=\"Est. reading time\" \/>\n\t<meta name=\"twitter:data2\" content=\"6 minutes\" \/>\n<script type=\"application\/ld+json\" class=\"yoast-schema-graph\">{\"@context\":\"https:\/\/schema.org\",\"@graph\":[{\"@type\":\"WebSite\",\"@id\":\"https:\/\/internacional.umh.es\/en\/#website\",\"url\":\"https:\/\/internacional.umh.es\/en\/\",\"name\":\"International Relations and Cooperation\",\"description\":\"Miguel Hernandez University of Elche\",\"potentialAction\":[{\"@type\":\"SearchAction\",\"target\":{\"@type\":\"EntryPoint\",\"urlTemplate\":\"https:\/\/internacional.umh.es\/en\/?s={search_term_string}\"},\"query-input\":\"required name=search_term_string\"}],\"inLanguage\":\"en-US\"},{\"@type\":\"ImageObject\",\"@id\":\"https:\/\/internacional.umh.es\/en\/2017\/03\/09\/el-fotoperiodista-jose-pedro-martinez-expone-su-trabajo-mexico-fronterizo-en-la-umh\/#primaryimage\",\"inLanguage\":\"en-US\",\"url\":\"https:\/\/internacional.umh.es\/files\/2017\/03\/Cartel_MexicoFronterizoweb-1.jpg\",\"contentUrl\":\"https:\/\/internacional.umh.es\/files\/2017\/03\/Cartel_MexicoFronterizoweb-1.jpg\",\"width\":1240,\"height\":1754},{\"@type\":\"WebPage\",\"@id\":\"https:\/\/internacional.umh.es\/en\/2017\/03\/09\/el-fotoperiodista-jose-pedro-martinez-expone-su-trabajo-mexico-fronterizo-en-la-umh\/#webpage\",\"url\":\"https:\/\/internacional.umh.es\/en\/2017\/03\/09\/el-fotoperiodista-jose-pedro-martinez-expone-su-trabajo-mexico-fronterizo-en-la-umh\/\",\"name\":\"EL FOTOPERIODISTA JOS\\u00c9 PEDRO MART\\u00cdNEZ EXPONE SU TRABAJO 'M\\u00c9XICO FRONTERIZO' EN LA UMHPHOTOJOURNALIST JOS\\u00c9 PEDRO MART\\u00cdNEZ EXHIBITS HIS WORK, M\\u00c9XICO FRONTERIZO, AT THE UMH - International Relations and Cooperation\",\"isPartOf\":{\"@id\":\"https:\/\/internacional.umh.es\/en\/#website\"},\"primaryImageOfPage\":{\"@id\":\"https:\/\/internacional.umh.es\/en\/2017\/03\/09\/el-fotoperiodista-jose-pedro-martinez-expone-su-trabajo-mexico-fronterizo-en-la-umh\/#primaryimage\"},\"datePublished\":\"2017-03-09T20:49:28+00:00\",\"dateModified\":\"2017-03-29T07:46:41+00:00\",\"author\":{\"@id\":\"https:\/\/internacional.umh.es\/en\/#\/schema\/person\/7bb65ed0a8b845f71ebcff4a02293168\"},\"breadcrumb\":{\"@id\":\"https:\/\/internacional.umh.es\/en\/2017\/03\/09\/el-fotoperiodista-jose-pedro-martinez-expone-su-trabajo-mexico-fronterizo-en-la-umh\/#breadcrumb\"},\"inLanguage\":\"en-US\",\"potentialAction\":[{\"@type\":\"ReadAction\",\"target\":[\"https:\/\/internacional.umh.es\/en\/2017\/03\/09\/el-fotoperiodista-jose-pedro-martinez-expone-su-trabajo-mexico-fronterizo-en-la-umh\/\"]}]},{\"@type\":\"BreadcrumbList\",\"@id\":\"https:\/\/internacional.umh.es\/en\/2017\/03\/09\/el-fotoperiodista-jose-pedro-martinez-expone-su-trabajo-mexico-fronterizo-en-la-umh\/#breadcrumb\",\"itemListElement\":[{\"@type\":\"ListItem\",\"position\":1,\"name\":\"Home\",\"item\":\"https:\/\/internacional.umh.es\/en\/\"},{\"@type\":\"ListItem\",\"position\":2,\"name\":\"PHOTOJOURNALIST JOS\\u00c9 PEDRO MART\\u00cdNEZ EXHIBITS HIS WORK, M\\u00c9XICO FRONTERIZO, AT THE UMH\"}]},{\"@type\":\"Person\",\"@id\":\"https:\/\/internacional.umh.es\/en\/#\/schema\/person\/7bb65ed0a8b845f71ebcff4a02293168\",\"name\":\"Lis Gaibar\",\"image\":{\"@type\":\"ImageObject\",\"@id\":\"https:\/\/internacional.umh.es\/en\/#personlogo\",\"inLanguage\":\"en-US\",\"url\":\"https:\/\/secure.gravatar.com\/avatar\/4e84d6c845e3a8cf35c7d725456c4948?s=96&d=mm&r=g\",\"contentUrl\":\"https:\/\/secure.gravatar.com\/avatar\/4e84d6c845e3a8cf35c7d725456c4948?s=96&d=mm&r=g\",\"caption\":\"Lis Gaibar\"},\"url\":\"https:\/\/internacional.umh.es\/en\/author\/l-gaibar\/\"}]}<\/script>\n<!-- \/ Yoast SEO plugin. -->","yoast_head_json":{"robots":{"index":"index","follow":"follow","max-snippet":"max-snippet:-1","max-image-preview":"max-image-preview:large","max-video-preview":"max-video-preview:-1"},"canonical":"https:\/\/internacional.umh.es\/en\/2017\/03\/09\/el-fotoperiodista-jose-pedro-martinez-expone-su-trabajo-mexico-fronterizo-en-la-umh\/","og_locale":"en_US","og_type":"article","og_title":"EL FOTOPERIODISTA JOS\u00c9 PEDRO MART\u00cdNEZ EXPONE SU TRABAJO 'M\u00c9XICO FRONTERIZO' EN LA UMHPHOTOJOURNALIST JOS\u00c9 PEDRO MART\u00cdNEZ EXHIBITS HIS WORK, M\u00c9XICO FRONTERIZO, AT THE UMH - International Relations and Cooperation","og_description":"M\u00e9xico Fronterizo: Acercamiento desde el fotoperiodismo (Frontier Mexico: A Photojournalistic Approach) is the name given to the photographic collection by journalist Jos\u00e9 Pedro Mart\u00ednez, and comprised of two parts: La ciudad de los deportados (City of the Deported) and Or\u00edgenes (Origins). The first collection features the two migratory flows that converge on the Mexican\/US border [...]","og_url":"https:\/\/internacional.umh.es\/en\/2017\/03\/09\/el-fotoperiodista-jose-pedro-martinez-expone-su-trabajo-mexico-fronterizo-en-la-umh\/","og_site_name":"International Relations and Cooperation","article_published_time":"2017-03-09T20:49:28+00:00","article_modified_time":"2017-03-29T07:46:41+00:00","og_image":[{"url":"https:\/\/internacional.umh.es\/files\/2017\/03\/Cartel_MexicoFronterizoweb-1-150x150.jpg"}],"twitter_card":"summary_large_image","twitter_misc":{"Written by":"Lis Gaibar","Est. reading time":"6 minutes"},"schema":{"@context":"https:\/\/schema.org","@graph":[{"@type":"WebSite","@id":"https:\/\/internacional.umh.es\/en\/#website","url":"https:\/\/internacional.umh.es\/en\/","name":"International Relations and Cooperation","description":"Miguel Hernandez University of Elche","potentialAction":[{"@type":"SearchAction","target":{"@type":"EntryPoint","urlTemplate":"https:\/\/internacional.umh.es\/en\/?s={search_term_string}"},"query-input":"required name=search_term_string"}],"inLanguage":"en-US"},{"@type":"ImageObject","@id":"https:\/\/internacional.umh.es\/en\/2017\/03\/09\/el-fotoperiodista-jose-pedro-martinez-expone-su-trabajo-mexico-fronterizo-en-la-umh\/#primaryimage","inLanguage":"en-US","url":"https:\/\/internacional.umh.es\/files\/2017\/03\/Cartel_MexicoFronterizoweb-1.jpg","contentUrl":"https:\/\/internacional.umh.es\/files\/2017\/03\/Cartel_MexicoFronterizoweb-1.jpg","width":1240,"height":1754},{"@type":"WebPage","@id":"https:\/\/internacional.umh.es\/en\/2017\/03\/09\/el-fotoperiodista-jose-pedro-martinez-expone-su-trabajo-mexico-fronterizo-en-la-umh\/#webpage","url":"https:\/\/internacional.umh.es\/en\/2017\/03\/09\/el-fotoperiodista-jose-pedro-martinez-expone-su-trabajo-mexico-fronterizo-en-la-umh\/","name":"EL FOTOPERIODISTA JOS\u00c9 PEDRO MART\u00cdNEZ EXPONE SU TRABAJO 'M\u00c9XICO FRONTERIZO' EN LA UMHPHOTOJOURNALIST JOS\u00c9 PEDRO MART\u00cdNEZ EXHIBITS HIS WORK, M\u00c9XICO FRONTERIZO, AT THE UMH - International Relations and Cooperation","isPartOf":{"@id":"https:\/\/internacional.umh.es\/en\/#website"},"primaryImageOfPage":{"@id":"https:\/\/internacional.umh.es\/en\/2017\/03\/09\/el-fotoperiodista-jose-pedro-martinez-expone-su-trabajo-mexico-fronterizo-en-la-umh\/#primaryimage"},"datePublished":"2017-03-09T20:49:28+00:00","dateModified":"2017-03-29T07:46:41+00:00","author":{"@id":"https:\/\/internacional.umh.es\/en\/#\/schema\/person\/7bb65ed0a8b845f71ebcff4a02293168"},"breadcrumb":{"@id":"https:\/\/internacional.umh.es\/en\/2017\/03\/09\/el-fotoperiodista-jose-pedro-martinez-expone-su-trabajo-mexico-fronterizo-en-la-umh\/#breadcrumb"},"inLanguage":"en-US","potentialAction":[{"@type":"ReadAction","target":["https:\/\/internacional.umh.es\/en\/2017\/03\/09\/el-fotoperiodista-jose-pedro-martinez-expone-su-trabajo-mexico-fronterizo-en-la-umh\/"]}]},{"@type":"BreadcrumbList","@id":"https:\/\/internacional.umh.es\/en\/2017\/03\/09\/el-fotoperiodista-jose-pedro-martinez-expone-su-trabajo-mexico-fronterizo-en-la-umh\/#breadcrumb","itemListElement":[{"@type":"ListItem","position":1,"name":"Home","item":"https:\/\/internacional.umh.es\/en\/"},{"@type":"ListItem","position":2,"name":"PHOTOJOURNALIST JOS\u00c9 PEDRO MART\u00cdNEZ EXHIBITS HIS WORK, M\u00c9XICO FRONTERIZO, AT THE UMH"}]},{"@type":"Person","@id":"https:\/\/internacional.umh.es\/en\/#\/schema\/person\/7bb65ed0a8b845f71ebcff4a02293168","name":"Lis Gaibar","image":{"@type":"ImageObject","@id":"https:\/\/internacional.umh.es\/en\/#personlogo","inLanguage":"en-US","url":"https:\/\/secure.gravatar.com\/avatar\/4e84d6c845e3a8cf35c7d725456c4948?s=96&d=mm&r=g","contentUrl":"https:\/\/secure.gravatar.com\/avatar\/4e84d6c845e3a8cf35c7d725456c4948?s=96&d=mm&r=g","caption":"Lis Gaibar"},"url":"https:\/\/internacional.umh.es\/en\/author\/l-gaibar\/"}]}},"_links":{"self":[{"href":"https:\/\/internacional.umh.es\/en\/wp-json\/wp\/v2\/posts\/4206"}],"collection":[{"href":"https:\/\/internacional.umh.es\/en\/wp-json\/wp\/v2\/posts"}],"about":[{"href":"https:\/\/internacional.umh.es\/en\/wp-json\/wp\/v2\/types\/post"}],"author":[{"embeddable":true,"href":"https:\/\/internacional.umh.es\/en\/wp-json\/wp\/v2\/users\/3296"}],"replies":[{"embeddable":true,"href":"https:\/\/internacional.umh.es\/en\/wp-json\/wp\/v2\/comments?post=4206"}],"version-history":[{"count":0,"href":"https:\/\/internacional.umh.es\/en\/wp-json\/wp\/v2\/posts\/4206\/revisions"}],"wp:attachment":[{"href":"https:\/\/internacional.umh.es\/en\/wp-json\/wp\/v2\/media?parent=4206"}],"wp:term":[{"taxonomy":"category","embeddable":true,"href":"https:\/\/internacional.umh.es\/en\/wp-json\/wp\/v2\/categories?post=4206"},{"taxonomy":"post_tag","embeddable":true,"href":"https:\/\/internacional.umh.es\/en\/wp-json\/wp\/v2\/tags?post=4206"}],"curies":[{"name":"wp","href":"https:\/\/api.w.org\/{rel}","templated":true}]}}