{"id":42406,"date":"2026-01-14T14:09:39","date_gmt":"2026-01-14T13:09:39","guid":{"rendered":"https:\/\/internacional.umh.es\/?p=42406"},"modified":"2026-01-15T11:18:34","modified_gmt":"2026-01-15T10:18:34","slug":"la-convocatoria-de-aiefi-deja-un-balance-mas-que-satisfactorio-en-la-proyeccion-internacional-de-la-umh-en-2025","status":"publish","type":"post","link":"https:\/\/internacional.umh.es\/en\/2026\/01\/14\/la-convocatoria-de-aiefi-deja-un-balance-mas-que-satisfactorio-en-la-proyeccion-internacional-de-la-umh-en-2025\/","title":{"rendered":"AIEFI call takes \u201cmore than a satisfactory stock\u201d for international projection of the UMH during 2025"},"content":{"rendered":"<p><\/p>\n<p style=\"text-align: justify\"><a href=\"https:\/\/internacional.umh.es\/files\/2026\/01\/WhatsApp-Image-2026-01-14-at-14.08.36.jpeg\"><img loading=\"lazy\" class=\"size-medium wp-image-42409 alignleft\" src=\"https:\/\/internacional.umh.es\/files\/2026\/01\/WhatsApp-Image-2026-01-14-at-14.08.36-300x225.jpeg\" alt=\"\" width=\"300\" height=\"225\" srcset=\"https:\/\/internacional.umh.es\/files\/2026\/01\/WhatsApp-Image-2026-01-14-at-14.08.36-300x225.jpeg 300w, https:\/\/internacional.umh.es\/files\/2026\/01\/WhatsApp-Image-2026-01-14-at-14.08.36-1024x768.jpeg 1024w, https:\/\/internacional.umh.es\/files\/2026\/01\/WhatsApp-Image-2026-01-14-at-14.08.36-768x576.jpeg 768w, https:\/\/internacional.umh.es\/files\/2026\/01\/WhatsApp-Image-2026-01-14-at-14.08.36-1536x1152.jpeg 1536w, https:\/\/internacional.umh.es\/files\/2026\/01\/WhatsApp-Image-2026-01-14-at-14.08.36.jpeg 2048w\" sizes=\"(max-width: 300px) 100vw, 300px\" \/><\/a>Rectorado &amp; Consejo Social Hall was the venue for the Exchange of Good Experiences Workshop among the university faculties, schools, and institutes that took part in the UMH Program of Actions for the Internationalization of Schools, Faculties, and Research Institutes (AIEFI) in 2025. This hybrid meeting, whose participants were both in-person and remote, served to take \u201ca more than satisfactory stock\u201d in terms of UMH international projection, according to Vice Rector for Internationalization and Cooperation, Vicente Micol.<\/p>\n<p style=\"text-align: justify\">During the event, which was also attended by Deputy Vice Rector for Internationalization, Alberto Rodr\u00edguez; Director of Mobility, \u00c1frica Mart\u00ednez; Director of International Promotion, Mari Carmen Lillo; and Director of the Service of International Relations, Inma Blaya; the remaining program participants presented the actions that were carried out throughout 2025, emphasizing the initiatives that achieved the best outcomes and that can serve as inspiration for the improvement and designs of future actions.<\/p>\n<p style=\"text-align: justify\">Micol highlighted \u201cthe improvement in incoming mobility numbers,\u201d in reference to the international students who visited the UMH on mobility programs. The main objective in the new call is to devise strategies that foster and facility outcoming mobility for UMH students.<\/p>\n<p style=\"text-align: justify\">Among new AIEFI features was the presentation of a mobility data visualization and management tool that was created by the Vice Rectorate, intended for the managing teams at schools, faculties, and research institutes, so they can monitor mobility and internationalization programs.<\/p>\n<p style=\"text-align: justify\">In its eleventh edition, participating UMH units are going to be required to meet a set of criteria to assess, such as the suitability of the proposals submitted, the diversity of the actions proposed, and the scope of the expected results, measured by the number of benefiting faculty and students.<\/p>\n<p style=\"text-align: justify\">Likewise, the outcomes of activities funded in 2025, the increase in number of incoming and outgoing students and professors over the last three academic years, and the increase in the number of agreements aimed at teacher or student exchanges during the same period, are also going to be evaluated.<\/p>\n<p style=\"text-align: justify\">The call for applications for the current AIEFI program is now open and shall remain so through January 19 for actions in 2026. This program aims to strengthen the international projection of the UMH and promote strategic planning for the internationalization of bachelor and master programs and the university units responsible for them.<\/p>\n<p>&nbsp;<\/p>\n<p>&nbsp;<\/p>\n<p>&nbsp;<\/p>","protected":false},"excerpt":{"rendered":"<p>Rectorado &amp; Consejo Social Hall was the venue for the Exchange of Good Experiences Workshop among the university faculties, schools, and institutes that took part in the UMH Program of Actions for the Internationalization of Schools, Faculties, and Research Institutes (AIEFI) in 2025. This hybrid meeting, whose participants were both in-person and remote, served to [&#8230;]<\/p>\n","protected":false},"author":16862,"featured_media":0,"comment_status":"closed","ping_status":"closed","sticky":false,"template":"","format":"standard","meta":{"ngg_post_thumbnail":0,"_links_to":"","_links_to_target":""},"categories":[53279],"tags":[],"yoast_head":"<!-- This site is optimized with the Yoast SEO plugin v17.5 - https:\/\/yoast.com\/wordpress\/plugins\/seo\/ -->\n<meta name=\"robots\" content=\"index, follow, max-snippet:-1, max-image-preview:large, max-video-preview:-1\" \/>\n<link rel=\"canonical\" href=\"https:\/\/internacional.umh.es\/en\/2026\/01\/14\/la-convocatoria-de-aiefi-deja-un-balance-mas-que-satisfactorio-en-la-proyeccion-internacional-de-la-umh-en-2025\/\" \/>\n<meta property=\"og:locale\" content=\"en_US\" \/>\n<meta property=\"og:type\" content=\"article\" \/>\n<meta property=\"og:title\" content=\"AIEFI call takes \u201cmore than a satisfactory stock\u201d for international projection of the UMH during 2025 - International Relations and Cooperation\" \/>\n<meta property=\"og:description\" content=\"Rectorado &amp; Consejo Social Hall was the venue for the Exchange of Good Experiences Workshop among the university faculties, schools, and institutes that took part in the UMH Program of Actions for the Internationalization of Schools, Faculties, and Research Institutes (AIEFI) in 2025. This hybrid meeting, whose participants were both in-person and remote, served to [...]\" \/>\n<meta property=\"og:url\" content=\"https:\/\/internacional.umh.es\/2026\/01\/14\/la-convocatoria-de-aiefi-deja-un-balance-mas-que-satisfactorio-en-la-proyeccion-internacional-de-la-umh-en-2025\/\" \/>\n<meta property=\"og:site_name\" content=\"International Relations and Cooperation\" \/>\n<meta property=\"article:published_time\" content=\"2026-01-14T13:09:39+00:00\" \/>\n<meta property=\"article:modified_time\" content=\"2026-01-15T10:18:34+00:00\" \/>\n<meta property=\"og:image\" content=\"https:\/\/internacional.umh.es\/files\/2026\/01\/WhatsApp-Image-2026-01-14-at-14.08.36-300x225.jpeg\" \/>\n<meta name=\"twitter:card\" content=\"summary_large_image\" \/>\n<meta name=\"twitter:label1\" content=\"Written by\" \/>\n\t<meta name=\"twitter:data1\" content=\"psaez\" \/>\n\t<meta name=\"twitter:label2\" content=\"Est. reading time\" \/>\n\t<meta name=\"twitter:data2\" content=\"4 minutes\" \/>\n<script type=\"application\/ld+json\" class=\"yoast-schema-graph\">{\"@context\":\"https:\/\/schema.org\",\"@graph\":[{\"@type\":\"WebSite\",\"@id\":\"https:\/\/internacional.umh.es\/en\/#website\",\"url\":\"https:\/\/internacional.umh.es\/en\/\",\"name\":\"International Relations and Cooperation\",\"description\":\"Miguel Hernandez University of Elche\",\"potentialAction\":[{\"@type\":\"SearchAction\",\"target\":{\"@type\":\"EntryPoint\",\"urlTemplate\":\"https:\/\/internacional.umh.es\/en\/?s={search_term_string}\"},\"query-input\":\"required name=search_term_string\"}],\"inLanguage\":\"en-US\"},{\"@type\":\"ImageObject\",\"@id\":\"https:\/\/internacional.umh.es\/2026\/01\/14\/la-convocatoria-de-aiefi-deja-un-balance-mas-que-satisfactorio-en-la-proyeccion-internacional-de-la-umh-en-2025\/#primaryimage\",\"inLanguage\":\"en-US\",\"url\":\"https:\/\/internacional.umh.es\/files\/2026\/01\/WhatsApp-Image-2026-01-14-at-14.08.36.jpeg\",\"contentUrl\":\"https:\/\/internacional.umh.es\/files\/2026\/01\/WhatsApp-Image-2026-01-14-at-14.08.36.jpeg\",\"width\":2048,\"height\":1536},{\"@type\":\"WebPage\",\"@id\":\"https:\/\/internacional.umh.es\/2026\/01\/14\/la-convocatoria-de-aiefi-deja-un-balance-mas-que-satisfactorio-en-la-proyeccion-internacional-de-la-umh-en-2025\/#webpage\",\"url\":\"https:\/\/internacional.umh.es\/2026\/01\/14\/la-convocatoria-de-aiefi-deja-un-balance-mas-que-satisfactorio-en-la-proyeccion-internacional-de-la-umh-en-2025\/\",\"name\":\"AIEFI call takes \\u201cmore than a satisfactory stock\\u201d for international projection of the UMH during 2025 - International Relations and Cooperation\",\"isPartOf\":{\"@id\":\"https:\/\/internacional.umh.es\/en\/#website\"},\"primaryImageOfPage\":{\"@id\":\"https:\/\/internacional.umh.es\/2026\/01\/14\/la-convocatoria-de-aiefi-deja-un-balance-mas-que-satisfactorio-en-la-proyeccion-internacional-de-la-umh-en-2025\/#primaryimage\"},\"datePublished\":\"2026-01-14T13:09:39+00:00\",\"dateModified\":\"2026-01-15T10:18:34+00:00\",\"author\":{\"@id\":\"https:\/\/internacional.umh.es\/en\/#\/schema\/person\/13afd9dc9521f4af66b6dcf91f09d96d\"},\"breadcrumb\":{\"@id\":\"https:\/\/internacional.umh.es\/2026\/01\/14\/la-convocatoria-de-aiefi-deja-un-balance-mas-que-satisfactorio-en-la-proyeccion-internacional-de-la-umh-en-2025\/#breadcrumb\"},\"inLanguage\":\"en-US\",\"potentialAction\":[{\"@type\":\"ReadAction\",\"target\":[\"https:\/\/internacional.umh.es\/2026\/01\/14\/la-convocatoria-de-aiefi-deja-un-balance-mas-que-satisfactorio-en-la-proyeccion-internacional-de-la-umh-en-2025\/\"]}]},{\"@type\":\"BreadcrumbList\",\"@id\":\"https:\/\/internacional.umh.es\/2026\/01\/14\/la-convocatoria-de-aiefi-deja-un-balance-mas-que-satisfactorio-en-la-proyeccion-internacional-de-la-umh-en-2025\/#breadcrumb\",\"itemListElement\":[{\"@type\":\"ListItem\",\"position\":1,\"name\":\"Home\",\"item\":\"https:\/\/internacional.umh.es\/en\/\"},{\"@type\":\"ListItem\",\"position\":2,\"name\":\"La convocatoria de AIEFI deja un \\u201cbalance m\\u00e1s que satisfactorio\\u201d en la proyecci\\u00f3n internacional de la UMH en 2025\"}]},{\"@type\":\"Person\",\"@id\":\"https:\/\/internacional.umh.es\/en\/#\/schema\/person\/13afd9dc9521f4af66b6dcf91f09d96d\",\"name\":\"psaez\",\"image\":{\"@type\":\"ImageObject\",\"@id\":\"https:\/\/internacional.umh.es\/en\/#personlogo\",\"inLanguage\":\"en-US\",\"url\":\"https:\/\/secure.gravatar.com\/avatar\/166fc26028919e27154cc313e27e7a45?s=96&d=mm&r=g\",\"contentUrl\":\"https:\/\/secure.gravatar.com\/avatar\/166fc26028919e27154cc313e27e7a45?s=96&d=mm&r=g\",\"caption\":\"psaez\"},\"url\":\"https:\/\/internacional.umh.es\/en\/author\/psaez\/\"}]}<\/script>\n<!-- \/ Yoast SEO plugin. -->","yoast_head_json":{"robots":{"index":"index","follow":"follow","max-snippet":"max-snippet:-1","max-image-preview":"max-image-preview:large","max-video-preview":"max-video-preview:-1"},"canonical":"https:\/\/internacional.umh.es\/en\/2026\/01\/14\/la-convocatoria-de-aiefi-deja-un-balance-mas-que-satisfactorio-en-la-proyeccion-internacional-de-la-umh-en-2025\/","og_locale":"en_US","og_type":"article","og_title":"AIEFI call takes \u201cmore than a satisfactory stock\u201d for international projection of the UMH during 2025 - International Relations and Cooperation","og_description":"Rectorado &amp; Consejo Social Hall was the venue for the Exchange of Good Experiences Workshop among the university faculties, schools, and institutes that took part in the UMH Program of Actions for the Internationalization of Schools, Faculties, and Research Institutes (AIEFI) in 2025. This hybrid meeting, whose participants were both in-person and remote, served to [...]","og_url":"https:\/\/internacional.umh.es\/2026\/01\/14\/la-convocatoria-de-aiefi-deja-un-balance-mas-que-satisfactorio-en-la-proyeccion-internacional-de-la-umh-en-2025\/","og_site_name":"International Relations and Cooperation","article_published_time":"2026-01-14T13:09:39+00:00","article_modified_time":"2026-01-15T10:18:34+00:00","og_image":[{"url":"https:\/\/internacional.umh.es\/files\/2026\/01\/WhatsApp-Image-2026-01-14-at-14.08.36-300x225.jpeg"}],"twitter_card":"summary_large_image","twitter_misc":{"Written by":"psaez","Est. reading time":"4 minutes"},"schema":{"@context":"https:\/\/schema.org","@graph":[{"@type":"WebSite","@id":"https:\/\/internacional.umh.es\/en\/#website","url":"https:\/\/internacional.umh.es\/en\/","name":"International Relations and Cooperation","description":"Miguel Hernandez University of Elche","potentialAction":[{"@type":"SearchAction","target":{"@type":"EntryPoint","urlTemplate":"https:\/\/internacional.umh.es\/en\/?s={search_term_string}"},"query-input":"required name=search_term_string"}],"inLanguage":"en-US"},{"@type":"ImageObject","@id":"https:\/\/internacional.umh.es\/2026\/01\/14\/la-convocatoria-de-aiefi-deja-un-balance-mas-que-satisfactorio-en-la-proyeccion-internacional-de-la-umh-en-2025\/#primaryimage","inLanguage":"en-US","url":"https:\/\/internacional.umh.es\/files\/2026\/01\/WhatsApp-Image-2026-01-14-at-14.08.36.jpeg","contentUrl":"https:\/\/internacional.umh.es\/files\/2026\/01\/WhatsApp-Image-2026-01-14-at-14.08.36.jpeg","width":2048,"height":1536},{"@type":"WebPage","@id":"https:\/\/internacional.umh.es\/2026\/01\/14\/la-convocatoria-de-aiefi-deja-un-balance-mas-que-satisfactorio-en-la-proyeccion-internacional-de-la-umh-en-2025\/#webpage","url":"https:\/\/internacional.umh.es\/2026\/01\/14\/la-convocatoria-de-aiefi-deja-un-balance-mas-que-satisfactorio-en-la-proyeccion-internacional-de-la-umh-en-2025\/","name":"AIEFI call takes \u201cmore than a satisfactory stock\u201d for international projection of the UMH during 2025 - International Relations and Cooperation","isPartOf":{"@id":"https:\/\/internacional.umh.es\/en\/#website"},"primaryImageOfPage":{"@id":"https:\/\/internacional.umh.es\/2026\/01\/14\/la-convocatoria-de-aiefi-deja-un-balance-mas-que-satisfactorio-en-la-proyeccion-internacional-de-la-umh-en-2025\/#primaryimage"},"datePublished":"2026-01-14T13:09:39+00:00","dateModified":"2026-01-15T10:18:34+00:00","author":{"@id":"https:\/\/internacional.umh.es\/en\/#\/schema\/person\/13afd9dc9521f4af66b6dcf91f09d96d"},"breadcrumb":{"@id":"https:\/\/internacional.umh.es\/2026\/01\/14\/la-convocatoria-de-aiefi-deja-un-balance-mas-que-satisfactorio-en-la-proyeccion-internacional-de-la-umh-en-2025\/#breadcrumb"},"inLanguage":"en-US","potentialAction":[{"@type":"ReadAction","target":["https:\/\/internacional.umh.es\/2026\/01\/14\/la-convocatoria-de-aiefi-deja-un-balance-mas-que-satisfactorio-en-la-proyeccion-internacional-de-la-umh-en-2025\/"]}]},{"@type":"BreadcrumbList","@id":"https:\/\/internacional.umh.es\/2026\/01\/14\/la-convocatoria-de-aiefi-deja-un-balance-mas-que-satisfactorio-en-la-proyeccion-internacional-de-la-umh-en-2025\/#breadcrumb","itemListElement":[{"@type":"ListItem","position":1,"name":"Home","item":"https:\/\/internacional.umh.es\/en\/"},{"@type":"ListItem","position":2,"name":"La convocatoria de AIEFI deja un \u201cbalance m\u00e1s que satisfactorio\u201d en la proyecci\u00f3n internacional de la UMH en 2025"}]},{"@type":"Person","@id":"https:\/\/internacional.umh.es\/en\/#\/schema\/person\/13afd9dc9521f4af66b6dcf91f09d96d","name":"psaez","image":{"@type":"ImageObject","@id":"https:\/\/internacional.umh.es\/en\/#personlogo","inLanguage":"en-US","url":"https:\/\/secure.gravatar.com\/avatar\/166fc26028919e27154cc313e27e7a45?s=96&d=mm&r=g","contentUrl":"https:\/\/secure.gravatar.com\/avatar\/166fc26028919e27154cc313e27e7a45?s=96&d=mm&r=g","caption":"psaez"},"url":"https:\/\/internacional.umh.es\/en\/author\/psaez\/"}]}},"_links":{"self":[{"href":"https:\/\/internacional.umh.es\/en\/wp-json\/wp\/v2\/posts\/42406"}],"collection":[{"href":"https:\/\/internacional.umh.es\/en\/wp-json\/wp\/v2\/posts"}],"about":[{"href":"https:\/\/internacional.umh.es\/en\/wp-json\/wp\/v2\/types\/post"}],"author":[{"embeddable":true,"href":"https:\/\/internacional.umh.es\/en\/wp-json\/wp\/v2\/users\/16862"}],"replies":[{"embeddable":true,"href":"https:\/\/internacional.umh.es\/en\/wp-json\/wp\/v2\/comments?post=42406"}],"version-history":[{"count":0,"href":"https:\/\/internacional.umh.es\/en\/wp-json\/wp\/v2\/posts\/42406\/revisions"}],"wp:attachment":[{"href":"https:\/\/internacional.umh.es\/en\/wp-json\/wp\/v2\/media?parent=42406"}],"wp:term":[{"taxonomy":"category","embeddable":true,"href":"https:\/\/internacional.umh.es\/en\/wp-json\/wp\/v2\/categories?post=42406"},{"taxonomy":"post_tag","embeddable":true,"href":"https:\/\/internacional.umh.es\/en\/wp-json\/wp\/v2\/tags?post=42406"}],"curies":[{"name":"wp","href":"https:\/\/api.w.org\/{rel}","templated":true}]}}