{"id":43619,"date":"2026-04-20T10:35:30","date_gmt":"2026-04-20T08:35:30","guid":{"rendered":"https:\/\/internacional.umh.es\/?p=43619"},"modified":"2026-04-20T13:33:22","modified_gmt":"2026-04-20T11:33:22","slug":"participacion-de-la-umh-en-las-xxiv-jornadas-de-crue-sobre-internacionalizacion-y-cooperacion-en-la-universidad-de-las-palmas-de-gran-canaria","status":"publish","type":"post","link":"https:\/\/internacional.umh.es\/en\/2026\/04\/20\/participacion-de-la-umh-en-las-xxiv-jornadas-de-crue-sobre-internacionalizacion-y-cooperacion-en-la-universidad-de-las-palmas-de-gran-canaria\/","title":{"rendered":"UMH Participates at CRUE Workshops XXIV on internationalization and cooperation at University of Las Palmas de Gran Canaria"},"content":{"rendered":"<p><\/p>\n<p style=\"text-align: justify\"><a href=\"https:\/\/internacional.umh.es\/files\/2026\/04\/FOTO-JORNADAS-CRUE.jpeg\"><img loading=\"lazy\" class=\"size-medium wp-image-43622 alignleft\" src=\"https:\/\/internacional.umh.es\/files\/2026\/04\/FOTO-JORNADAS-CRUE-225x300.jpeg\" alt=\"\" width=\"225\" height=\"300\" srcset=\"https:\/\/internacional.umh.es\/files\/2026\/04\/FOTO-JORNADAS-CRUE-225x300.jpeg 225w, https:\/\/internacional.umh.es\/files\/2026\/04\/FOTO-JORNADAS-CRUE-768x1024.jpeg 768w, https:\/\/internacional.umh.es\/files\/2026\/04\/FOTO-JORNADAS-CRUE-1152x1536.jpeg 1152w, https:\/\/internacional.umh.es\/files\/2026\/04\/FOTO-JORNADAS-CRUE.jpeg 1200w\" sizes=\"(max-width: 225px) 100vw, 225px\" \/><\/a>The Vice Rectorate for Internationalization and Cooperation and the Service of International Relations and Cooperation at the Miguel Hern\u00e1ndez University of Elche (UMH) were participants at CRUE Workshops XXIV-Internationalization and Cooperation: News from the Edges, which was held April 16 &amp; 17, 2026, at the University of Las Palmas de Gran Canaria.<\/p>\n<p style=\"text-align: justify\">UMH representatives attending on behalf of the Vice Rectorate included \u00c1frica Mart\u00ednez, Director of Mobility; Juana Aznar, Director of Development Cooperation and Volunteerism; and Mari Carmen Lillo, Director of International Promotion. Also in attendance was Inma Blaya, Director of the Service of International Relations and Cooperation, who moderated the \u201cBest Practices in International Alumni Relations\u201d panel discussion.<\/p>\n<p style=\"text-align: justify\">The panel employed a highly practical and participatory approach. The session began with a presentation of two success stories in the management of international alumni communities, and this served as a source of inspiration for those in attendance. Subsequently, the Spanish Service for the Internationalisation of Education (SEPIE) presented the \u201cAlumni Spain\u201d strategic model, and this was followed by a session analyzing the UMH experience with the pilot activities of this national network. In it, the strategic role of these networks in strengthening the institutions\u2019 international presence was highlighted, fostering academic cooperation and consolidating lasting ties with alumni around the world.<\/p>\n<p style=\"text-align: justify\">At this event, along with many Spanish universities, \u00c1frica Mart\u00ednez attended sessions by the CRUE mobility work sub-group. These sessions presented the guide that universities will use to prepare emergency protocols for mobility programs, as well as for working on consensus tables for all Spanish universities to standardize criteria for the recognition of course equivalencies and grades earned during study abroad periods.<\/p>\n<p style=\"text-align: justify\">For her part, Mari Carmen Lillo took part in the sessions on internationalization, which focused primarily on the geopolitical influence on academic collaboration, with a particular emphasis on relations with Africa, Latin America, and Asia. These sessions highlighted the need to strengthen ties and promote the university system through collaborative partnerships with these continents, thereby reinforcing our shared presence in today\u2019s global landscape. During the CRUE event, the impact of artificial intelligence on internationalization efforts was also examined, and calls were made for a more streamlined policy regarding visa processing, the European ID card, and other administrative procedures.<\/p>\n<p style=\"text-align: justify\">These CRUE meetings are intended to serve as a forum for reflection on the role of universities in a world marked by profound geopolitical, technological, and social transformations. For this reason, this Atlantic forum strives to be a meeting place for sharing ideas, experiences, and strategies that may strengthen university internationalization and cooperation in an increasingly complex global context.<\/p>\n<p style=\"text-align: justify\">As for the cooperation and volunteerism group at CRUE, it is worth highlighting the efforts made\u2014through small working groups\u2014to compile the information expected to be provided by the University Cooperation Observatory for Development at CRUE. This tool, which needs to be updated, also represents an opportunity not only to highlight current activities, but also to highlight our shared history. On another note, the fair trade subgroup reported that it is possible, without much difficulty, for a university to become a fair trade university. Finally, the volunteering subgroup emphasized that universities are agents of social transformation and that volunteering plays an important role in this transformation, and therefore, volunteering should be promoted and supported by universities.<\/p>\n<p style=\"text-align: justify\">The Conference of Rectors of Spanish Universities (CRUE) is a nonprofit association comprising a total of 76 Spanish universities and it serves as the primary liaison between universities and the central Spanish government. It plays a key role in all regulatory developments affecting higher education in Spain. CRUE also promotes various initiatives to foster relationships with the business and social sectors, as well as institutional ties\u2014both national and international\u2014and it works to shed light on the value of Spanish universities.<\/p>\n<p>\n\t\t<style type=\"text\/css\">\n\t\t\t#gallery-2 {\n\t\t\t\tmargin: auto;\n\t\t\t}\n\t\t\t#gallery-2 .gallery-item {\n\t\t\t\tfloat: left;\n\t\t\t\tmargin-top: 10px;\n\t\t\t\ttext-align: center;\n\t\t\t\twidth: 33%;\n\t\t\t}\n\t\t\t#gallery-2 img {\n\t\t\t\tborder: 2px solid #cfcfcf;\n\t\t\t}\n\t\t\t#gallery-2 .gallery-caption {\n\t\t\t\tmargin-left: 0;\n\t\t\t}\n\t\t\t\/* see gallery_shortcode() in wp-includes\/media.php *\/\n\t\t<\/style>\n\t\t<div id='gallery-2' class='gallery galleryid-43619 gallery-columns-3 gallery-size-medium'><dl class='gallery-item'>\n\t\t\t<dt class='gallery-icon landscape'>\n\t\t\t\t<a href='https:\/\/internacional.umh.es\/files\/2026\/04\/JORNADAS-CRUE-scaled.jpg'><img width=\"300\" height=\"200\" src=\"https:\/\/internacional.umh.es\/files\/2026\/04\/JORNADAS-CRUE-300x200.jpg\" class=\"attachment-medium size-medium\" alt=\"\" loading=\"lazy\" srcset=\"https:\/\/internacional.umh.es\/files\/2026\/04\/JORNADAS-CRUE-300x200.jpg 300w, https:\/\/internacional.umh.es\/files\/2026\/04\/JORNADAS-CRUE-1024x683.jpg 1024w, https:\/\/internacional.umh.es\/files\/2026\/04\/JORNADAS-CRUE-768x512.jpg 768w, https:\/\/internacional.umh.es\/files\/2026\/04\/JORNADAS-CRUE-1536x1025.jpg 1536w, https:\/\/internacional.umh.es\/files\/2026\/04\/JORNADAS-CRUE-2048x1366.jpg 2048w\" sizes=\"(max-width: 300px) 100vw, 300px\" \/><\/a>\n\t\t\t<\/dt><\/dl><dl class='gallery-item'>\n\t\t\t<dt class='gallery-icon landscape'>\n\t\t\t\t<a href='https:\/\/internacional.umh.es\/files\/2026\/04\/JORNADAS-CRUE-2-scaled.jpg'><img width=\"300\" height=\"200\" src=\"https:\/\/internacional.umh.es\/files\/2026\/04\/JORNADAS-CRUE-2-300x200.jpg\" class=\"attachment-medium size-medium\" alt=\"\" loading=\"lazy\" srcset=\"https:\/\/internacional.umh.es\/files\/2026\/04\/JORNADAS-CRUE-2-300x200.jpg 300w, https:\/\/internacional.umh.es\/files\/2026\/04\/JORNADAS-CRUE-2-1024x683.jpg 1024w, https:\/\/internacional.umh.es\/files\/2026\/04\/JORNADAS-CRUE-2-768x512.jpg 768w, https:\/\/internacional.umh.es\/files\/2026\/04\/JORNADAS-CRUE-2-1536x1025.jpg 1536w, https:\/\/internacional.umh.es\/files\/2026\/04\/JORNADAS-CRUE-2-2048x1366.jpg 2048w\" sizes=\"(max-width: 300px) 100vw, 300px\" \/><\/a>\n\t\t\t<\/dt><\/dl><dl class='gallery-item'>\n\t\t\t<dt class='gallery-icon landscape'>\n\t\t\t\t<a href='https:\/\/internacional.umh.es\/files\/2026\/04\/JORNADAS-CRUE-3-scaled.jpg'><img width=\"300\" height=\"200\" src=\"https:\/\/internacional.umh.es\/files\/2026\/04\/JORNADAS-CRUE-3-300x200.jpg\" class=\"attachment-medium size-medium\" alt=\"\" loading=\"lazy\" srcset=\"https:\/\/internacional.umh.es\/files\/2026\/04\/JORNADAS-CRUE-3-300x200.jpg 300w, https:\/\/internacional.umh.es\/files\/2026\/04\/JORNADAS-CRUE-3-1024x683.jpg 1024w, https:\/\/internacional.umh.es\/files\/2026\/04\/JORNADAS-CRUE-3-768x512.jpg 768w, https:\/\/internacional.umh.es\/files\/2026\/04\/JORNADAS-CRUE-3-1536x1025.jpg 1536w, https:\/\/internacional.umh.es\/files\/2026\/04\/JORNADAS-CRUE-3-2048x1366.jpg 2048w\" sizes=\"(max-width: 300px) 100vw, 300px\" \/><\/a>\n\t\t\t<\/dt><\/dl><br style=\"clear: both\" \/>\n\t\t<\/div>\n<\/p>","protected":false},"excerpt":{"rendered":"<p>The Vice Rectorate for Internationalization and Cooperation and the Service of International Relations and Cooperation at the Miguel Hern\u00e1ndez University of Elche (UMH) were participants at CRUE Workshops XXIV-Internationalization and Cooperation: News from the Edges, which was held April 16 &amp; 17, 2026, at the University of Las Palmas de Gran Canaria.<br \/>\nUMH representatives attending on [&#8230;]<\/p>\n","protected":false},"author":16862,"featured_media":0,"comment_status":"closed","ping_status":"closed","sticky":false,"template":"","format":"standard","meta":{"ngg_post_thumbnail":0,"_links_to":"","_links_to_target":""},"categories":[3742],"tags":[],"yoast_head":"<!-- This site is optimized with the Yoast SEO plugin v17.5 - https:\/\/yoast.com\/wordpress\/plugins\/seo\/ -->\n<meta name=\"robots\" content=\"index, follow, max-snippet:-1, max-image-preview:large, max-video-preview:-1\" \/>\n<link rel=\"canonical\" href=\"https:\/\/internacional.umh.es\/en\/2026\/04\/20\/participacion-de-la-umh-en-las-xxiv-jornadas-de-crue-sobre-internacionalizacion-y-cooperacion-en-la-universidad-de-las-palmas-de-gran-canaria\/\" \/>\n<meta property=\"og:locale\" content=\"en_US\" \/>\n<meta property=\"og:type\" content=\"article\" \/>\n<meta property=\"og:title\" content=\"UMH Participates at CRUE Workshops XXIV on internationalization and cooperation at University of Las Palmas de Gran Canaria - International Relations and Cooperation\" \/>\n<meta property=\"og:description\" content=\"The Vice Rectorate for Internationalization and Cooperation and the Service of International Relations and Cooperation at the Miguel Hern\u00e1ndez University of Elche (UMH) were participants at CRUE Workshops XXIV-Internationalization and Cooperation: News from the Edges, which was held April 16 &amp; 17, 2026, at the University of Las Palmas de Gran Canaria. UMH representatives attending on [...]\" \/>\n<meta property=\"og:url\" content=\"https:\/\/internacional.umh.es\/2026\/04\/20\/participacion-de-la-umh-en-las-xxiv-jornadas-de-crue-sobre-internacionalizacion-y-cooperacion-en-la-universidad-de-las-palmas-de-gran-canaria\/\" \/>\n<meta property=\"og:site_name\" content=\"International Relations and Cooperation\" \/>\n<meta property=\"article:published_time\" content=\"2026-04-20T08:35:30+00:00\" \/>\n<meta property=\"article:modified_time\" content=\"2026-04-20T11:33:22+00:00\" \/>\n<meta property=\"og:image\" content=\"https:\/\/internacional.umh.es\/files\/2026\/04\/JORNADAS-CRUE-300x200.jpg\" \/>\n<meta name=\"twitter:card\" content=\"summary_large_image\" \/>\n<meta name=\"twitter:label1\" content=\"Written by\" \/>\n\t<meta name=\"twitter:data1\" content=\"psaez\" \/>\n\t<meta name=\"twitter:label2\" content=\"Est. reading time\" \/>\n\t<meta name=\"twitter:data2\" content=\"7 minutes\" \/>\n<script type=\"application\/ld+json\" class=\"yoast-schema-graph\">{\"@context\":\"https:\/\/schema.org\",\"@graph\":[{\"@type\":\"WebSite\",\"@id\":\"https:\/\/internacional.umh.es\/en\/#website\",\"url\":\"https:\/\/internacional.umh.es\/en\/\",\"name\":\"International Relations and Cooperation\",\"description\":\"Miguel Hernandez University of Elche\",\"potentialAction\":[{\"@type\":\"SearchAction\",\"target\":{\"@type\":\"EntryPoint\",\"urlTemplate\":\"https:\/\/internacional.umh.es\/en\/?s={search_term_string}\"},\"query-input\":\"required name=search_term_string\"}],\"inLanguage\":\"en-US\"},{\"@type\":\"ImageObject\",\"@id\":\"https:\/\/internacional.umh.es\/2026\/04\/20\/participacion-de-la-umh-en-las-xxiv-jornadas-de-crue-sobre-internacionalizacion-y-cooperacion-en-la-universidad-de-las-palmas-de-gran-canaria\/#primaryimage\",\"inLanguage\":\"en-US\",\"url\":\"https:\/\/internacional.umh.es\/files\/2026\/04\/FOTO-JORNADAS-CRUE.jpeg\",\"contentUrl\":\"https:\/\/internacional.umh.es\/files\/2026\/04\/FOTO-JORNADAS-CRUE.jpeg\",\"width\":1200,\"height\":1600},{\"@type\":\"WebPage\",\"@id\":\"https:\/\/internacional.umh.es\/2026\/04\/20\/participacion-de-la-umh-en-las-xxiv-jornadas-de-crue-sobre-internacionalizacion-y-cooperacion-en-la-universidad-de-las-palmas-de-gran-canaria\/#webpage\",\"url\":\"https:\/\/internacional.umh.es\/2026\/04\/20\/participacion-de-la-umh-en-las-xxiv-jornadas-de-crue-sobre-internacionalizacion-y-cooperacion-en-la-universidad-de-las-palmas-de-gran-canaria\/\",\"name\":\"UMH Participates at CRUE Workshops XXIV on internationalization and cooperation at University of Las Palmas de Gran Canaria - International Relations and Cooperation\",\"isPartOf\":{\"@id\":\"https:\/\/internacional.umh.es\/en\/#website\"},\"primaryImageOfPage\":{\"@id\":\"https:\/\/internacional.umh.es\/2026\/04\/20\/participacion-de-la-umh-en-las-xxiv-jornadas-de-crue-sobre-internacionalizacion-y-cooperacion-en-la-universidad-de-las-palmas-de-gran-canaria\/#primaryimage\"},\"datePublished\":\"2026-04-20T08:35:30+00:00\",\"dateModified\":\"2026-04-20T11:33:22+00:00\",\"author\":{\"@id\":\"https:\/\/internacional.umh.es\/en\/#\/schema\/person\/13afd9dc9521f4af66b6dcf91f09d96d\"},\"breadcrumb\":{\"@id\":\"https:\/\/internacional.umh.es\/2026\/04\/20\/participacion-de-la-umh-en-las-xxiv-jornadas-de-crue-sobre-internacionalizacion-y-cooperacion-en-la-universidad-de-las-palmas-de-gran-canaria\/#breadcrumb\"},\"inLanguage\":\"en-US\",\"potentialAction\":[{\"@type\":\"ReadAction\",\"target\":[\"https:\/\/internacional.umh.es\/2026\/04\/20\/participacion-de-la-umh-en-las-xxiv-jornadas-de-crue-sobre-internacionalizacion-y-cooperacion-en-la-universidad-de-las-palmas-de-gran-canaria\/\"]}]},{\"@type\":\"BreadcrumbList\",\"@id\":\"https:\/\/internacional.umh.es\/2026\/04\/20\/participacion-de-la-umh-en-las-xxiv-jornadas-de-crue-sobre-internacionalizacion-y-cooperacion-en-la-universidad-de-las-palmas-de-gran-canaria\/#breadcrumb\",\"itemListElement\":[{\"@type\":\"ListItem\",\"position\":1,\"name\":\"Home\",\"item\":\"https:\/\/internacional.umh.es\/en\/\"},{\"@type\":\"ListItem\",\"position\":2,\"name\":\"Participaci\\u00f3n de la UMH en las XXIV Jornadas de CRUE sobre internacionalizaci\\u00f3n y cooperaci\\u00f3n en la Universidad de Las Palmas de Gran Canaria\"}]},{\"@type\":\"Person\",\"@id\":\"https:\/\/internacional.umh.es\/en\/#\/schema\/person\/13afd9dc9521f4af66b6dcf91f09d96d\",\"name\":\"psaez\",\"image\":{\"@type\":\"ImageObject\",\"@id\":\"https:\/\/internacional.umh.es\/en\/#personlogo\",\"inLanguage\":\"en-US\",\"url\":\"https:\/\/secure.gravatar.com\/avatar\/166fc26028919e27154cc313e27e7a45?s=96&d=mm&r=g\",\"contentUrl\":\"https:\/\/secure.gravatar.com\/avatar\/166fc26028919e27154cc313e27e7a45?s=96&d=mm&r=g\",\"caption\":\"psaez\"},\"url\":\"https:\/\/internacional.umh.es\/en\/author\/psaez\/\"}]}<\/script>\n<!-- \/ Yoast SEO plugin. -->","yoast_head_json":{"robots":{"index":"index","follow":"follow","max-snippet":"max-snippet:-1","max-image-preview":"max-image-preview:large","max-video-preview":"max-video-preview:-1"},"canonical":"https:\/\/internacional.umh.es\/en\/2026\/04\/20\/participacion-de-la-umh-en-las-xxiv-jornadas-de-crue-sobre-internacionalizacion-y-cooperacion-en-la-universidad-de-las-palmas-de-gran-canaria\/","og_locale":"en_US","og_type":"article","og_title":"UMH Participates at CRUE Workshops XXIV on internationalization and cooperation at University of Las Palmas de Gran Canaria - International Relations and Cooperation","og_description":"The Vice Rectorate for Internationalization and Cooperation and the Service of International Relations and Cooperation at the Miguel Hern\u00e1ndez University of Elche (UMH) were participants at CRUE Workshops XXIV-Internationalization and Cooperation: News from the Edges, which was held April 16 &amp; 17, 2026, at the University of Las Palmas de Gran Canaria. UMH representatives attending on [...]","og_url":"https:\/\/internacional.umh.es\/2026\/04\/20\/participacion-de-la-umh-en-las-xxiv-jornadas-de-crue-sobre-internacionalizacion-y-cooperacion-en-la-universidad-de-las-palmas-de-gran-canaria\/","og_site_name":"International Relations and Cooperation","article_published_time":"2026-04-20T08:35:30+00:00","article_modified_time":"2026-04-20T11:33:22+00:00","og_image":[{"url":"https:\/\/internacional.umh.es\/files\/2026\/04\/JORNADAS-CRUE-300x200.jpg"}],"twitter_card":"summary_large_image","twitter_misc":{"Written by":"psaez","Est. reading time":"7 minutes"},"schema":{"@context":"https:\/\/schema.org","@graph":[{"@type":"WebSite","@id":"https:\/\/internacional.umh.es\/en\/#website","url":"https:\/\/internacional.umh.es\/en\/","name":"International Relations and Cooperation","description":"Miguel Hernandez University of Elche","potentialAction":[{"@type":"SearchAction","target":{"@type":"EntryPoint","urlTemplate":"https:\/\/internacional.umh.es\/en\/?s={search_term_string}"},"query-input":"required name=search_term_string"}],"inLanguage":"en-US"},{"@type":"ImageObject","@id":"https:\/\/internacional.umh.es\/2026\/04\/20\/participacion-de-la-umh-en-las-xxiv-jornadas-de-crue-sobre-internacionalizacion-y-cooperacion-en-la-universidad-de-las-palmas-de-gran-canaria\/#primaryimage","inLanguage":"en-US","url":"https:\/\/internacional.umh.es\/files\/2026\/04\/FOTO-JORNADAS-CRUE.jpeg","contentUrl":"https:\/\/internacional.umh.es\/files\/2026\/04\/FOTO-JORNADAS-CRUE.jpeg","width":1200,"height":1600},{"@type":"WebPage","@id":"https:\/\/internacional.umh.es\/2026\/04\/20\/participacion-de-la-umh-en-las-xxiv-jornadas-de-crue-sobre-internacionalizacion-y-cooperacion-en-la-universidad-de-las-palmas-de-gran-canaria\/#webpage","url":"https:\/\/internacional.umh.es\/2026\/04\/20\/participacion-de-la-umh-en-las-xxiv-jornadas-de-crue-sobre-internacionalizacion-y-cooperacion-en-la-universidad-de-las-palmas-de-gran-canaria\/","name":"UMH Participates at CRUE Workshops XXIV on internationalization and cooperation at University of Las Palmas de Gran Canaria - International Relations and Cooperation","isPartOf":{"@id":"https:\/\/internacional.umh.es\/en\/#website"},"primaryImageOfPage":{"@id":"https:\/\/internacional.umh.es\/2026\/04\/20\/participacion-de-la-umh-en-las-xxiv-jornadas-de-crue-sobre-internacionalizacion-y-cooperacion-en-la-universidad-de-las-palmas-de-gran-canaria\/#primaryimage"},"datePublished":"2026-04-20T08:35:30+00:00","dateModified":"2026-04-20T11:33:22+00:00","author":{"@id":"https:\/\/internacional.umh.es\/en\/#\/schema\/person\/13afd9dc9521f4af66b6dcf91f09d96d"},"breadcrumb":{"@id":"https:\/\/internacional.umh.es\/2026\/04\/20\/participacion-de-la-umh-en-las-xxiv-jornadas-de-crue-sobre-internacionalizacion-y-cooperacion-en-la-universidad-de-las-palmas-de-gran-canaria\/#breadcrumb"},"inLanguage":"en-US","potentialAction":[{"@type":"ReadAction","target":["https:\/\/internacional.umh.es\/2026\/04\/20\/participacion-de-la-umh-en-las-xxiv-jornadas-de-crue-sobre-internacionalizacion-y-cooperacion-en-la-universidad-de-las-palmas-de-gran-canaria\/"]}]},{"@type":"BreadcrumbList","@id":"https:\/\/internacional.umh.es\/2026\/04\/20\/participacion-de-la-umh-en-las-xxiv-jornadas-de-crue-sobre-internacionalizacion-y-cooperacion-en-la-universidad-de-las-palmas-de-gran-canaria\/#breadcrumb","itemListElement":[{"@type":"ListItem","position":1,"name":"Home","item":"https:\/\/internacional.umh.es\/en\/"},{"@type":"ListItem","position":2,"name":"Participaci\u00f3n de la UMH en las XXIV Jornadas de CRUE sobre internacionalizaci\u00f3n y cooperaci\u00f3n en la Universidad de Las Palmas de Gran Canaria"}]},{"@type":"Person","@id":"https:\/\/internacional.umh.es\/en\/#\/schema\/person\/13afd9dc9521f4af66b6dcf91f09d96d","name":"psaez","image":{"@type":"ImageObject","@id":"https:\/\/internacional.umh.es\/en\/#personlogo","inLanguage":"en-US","url":"https:\/\/secure.gravatar.com\/avatar\/166fc26028919e27154cc313e27e7a45?s=96&d=mm&r=g","contentUrl":"https:\/\/secure.gravatar.com\/avatar\/166fc26028919e27154cc313e27e7a45?s=96&d=mm&r=g","caption":"psaez"},"url":"https:\/\/internacional.umh.es\/en\/author\/psaez\/"}]}},"_links":{"self":[{"href":"https:\/\/internacional.umh.es\/en\/wp-json\/wp\/v2\/posts\/43619"}],"collection":[{"href":"https:\/\/internacional.umh.es\/en\/wp-json\/wp\/v2\/posts"}],"about":[{"href":"https:\/\/internacional.umh.es\/en\/wp-json\/wp\/v2\/types\/post"}],"author":[{"embeddable":true,"href":"https:\/\/internacional.umh.es\/en\/wp-json\/wp\/v2\/users\/16862"}],"replies":[{"embeddable":true,"href":"https:\/\/internacional.umh.es\/en\/wp-json\/wp\/v2\/comments?post=43619"}],"version-history":[{"count":0,"href":"https:\/\/internacional.umh.es\/en\/wp-json\/wp\/v2\/posts\/43619\/revisions"}],"wp:attachment":[{"href":"https:\/\/internacional.umh.es\/en\/wp-json\/wp\/v2\/media?parent=43619"}],"wp:term":[{"taxonomy":"category","embeddable":true,"href":"https:\/\/internacional.umh.es\/en\/wp-json\/wp\/v2\/categories?post=43619"},{"taxonomy":"post_tag","embeddable":true,"href":"https:\/\/internacional.umh.es\/en\/wp-json\/wp\/v2\/tags?post=43619"}],"curies":[{"name":"wp","href":"https:\/\/api.w.org\/{rel}","templated":true}]}}