{"id":45286,"date":"2026-09-02T13:10:36","date_gmt":"2026-09-02T11:10:36","guid":{"rendered":"https:\/\/internacional.umh.es\/?p=45286"},"modified":"2026-09-03T11:17:04","modified_gmt":"2026-09-03T09:17:04","slug":"la-umh-lleva-a-brasil-un-laboratorio-ciudadano-sobre-ecoansiedad-y-cambio-climatico","status":"publish","type":"post","link":"https:\/\/internacional.umh.es\/en\/2026\/09\/02\/la-umh-lleva-a-brasil-un-laboratorio-ciudadano-sobre-ecoansiedad-y-cambio-climatico\/","title":{"rendered":"UMH Takes a Citizen-Led Workshop on Eco-Anxiety and Climate Change to Brazil"},"content":{"rendered":"<p><\/p>\n<p style=\"text-align: justify\"><a href=\"https:\/\/internacional.umh.es\/files\/2026\/09\/WhatsApp-Image-2026-09-02-at-03.19.45.jpeg\"><img loading=\"lazy\" class=\"size-medium wp-image-45289 alignleft\" src=\"https:\/\/internacional.umh.es\/files\/2026\/09\/WhatsApp-Image-2026-09-02-at-03.19.45-300x225.jpeg\" alt=\"\" width=\"300\" height=\"225\" srcset=\"https:\/\/internacional.umh.es\/files\/2026\/09\/WhatsApp-Image-2026-09-02-at-03.19.45-300x225.jpeg 300w, https:\/\/internacional.umh.es\/files\/2026\/09\/WhatsApp-Image-2026-09-02-at-03.19.45-1024x768.jpeg 1024w, https:\/\/internacional.umh.es\/files\/2026\/09\/WhatsApp-Image-2026-09-02-at-03.19.45-768x576.jpeg 768w, https:\/\/internacional.umh.es\/files\/2026\/09\/WhatsApp-Image-2026-09-02-at-03.19.45-1536x1152.jpeg 1536w, https:\/\/internacional.umh.es\/files\/2026\/09\/WhatsApp-Image-2026-09-02-at-03.19.45.jpeg 2048w\" sizes=\"(max-width: 300px) 100vw, 300px\" \/><\/a>On September 1 &amp; 2, 2026, in Vit\u00f3ria da Conquista (Bahia, Brazil), the Miguel Hern\u00e1ndez University of Elche (UMH) and Southwest Bahia State University (UESB) are hosting the Eco-Anxiety and Climate Change Citizen Laboratory. This event has attracted scientists, students, and members of the public, and there they are analyzing how they are dealing with the climate crisis and what solutions to it can be co-created by the communities themselves.<\/p>\n<p style=\"text-align: justify\">This activity is part of the Cli-Mind: Generation Climate Crisis: Eco-Anxiety and Youth Mental Health in the Context of Global Climate Change, an international project funded by the SPRINT Program of the Vice Rectorate for Internationalization and Cooperation at the UMH and the S\u00e3o Paulo Research Foundation (FAPESP).<\/p>\n<p style=\"text-align: justify\">Citizen Laboratory participants include representatives from Quilombo communities\u2014traditional Afro-Brazilian communities historically formed by people of African descent who were once enslaved, who established settlements known as Quilombos and maintain close cultural and social ties to their territories\u2014as well as representatives of the trans and LGBTIQ+ communities, college students, and other sectors of civil society. This diversity is enabling the incorporation of different perspectives on the social, territorial, and emotional impacts of climate change.<\/p>\n<p style=\"text-align: justify\">The Laboratory is led by Antonio Lafuente, a researcher emeritus at the Spanish National Research Council (CSIC) and an international leader in citizen science and participatory methodologies. Through collaborative activities, the participants identify problems, share experiences, and work together on possible solutions to eco-anxiety and other effects of the climate emergency.<\/p>\n<p style=\"text-align: justify\">\u201cWhile the climate crisis is global, its effects are felt locally and unevenly. In the face of the paralysis that eco-anxiety may cause, these labs show that many solutions can emerge from the community, through listening and shared action,\u201d highlighted the Cli-Mind team.<\/p>\n<p style=\"text-align: justify\">At the UMH, Cli-Mind is led by Professor of Preventive Medicine and Public Health, Mar\u00eda Pastor, and there is also participation by journalism faculty members, Alba Garc\u00eda, Alicia de Lara, and Jes\u00fas Mula. This project examines the relationship between the climate crisis, emotional well-being of young people, and public communication about climate change.<\/p>\n<p style=\"text-align: justify\">This meeting in Brazil builds on a prior citizen workshop that took place in May of this year on the Elche Campus of the UMH. The experiences in both countries will allow for a comparison of how the same global challenges are perceived and addressed by different social and regional contexts.<\/p>\n<p style=\"text-align: justify\">During their stay at the UESB, the Cli-Mind team is also touring the Brazilian university\u2019s radio and television studios to gain a deeper understanding of the media\u2019s role in shaping public perception on climate change. The Cli-Mind journalism team is also meeting with UESB journalism faculty to explore future academic and scientific collaboration projects between both universities.<\/p>\n<p>&nbsp;<\/p>\n<p>&nbsp;<\/p>\n<p>&nbsp;<\/p>\n<p>&nbsp;<\/p>\n<p>&nbsp;<\/p>\n<p>&nbsp;<\/p>\n<p>&nbsp;<\/p>","protected":false},"excerpt":{"rendered":"<p>On September 1 &amp; 2, 2026, in Vit\u00f3ria da Conquista (Bahia, Brazil), the Miguel Hern\u00e1ndez University of Elche (UMH) and Southwest Bahia State University (UESB) are hosting the Eco-Anxiety and Climate Change Citizen Laboratory. This event has attracted scientists, students, and members of the public, and there they are analyzing how they are dealing with [&#8230;]<\/p>\n","protected":false},"author":6349,"featured_media":0,"comment_status":"closed","ping_status":"closed","sticky":false,"template":"","format":"standard","meta":{"ngg_post_thumbnail":0,"_links_to":"","_links_to_target":""},"categories":[45559,79664],"tags":[],"yoast_head":"<!-- This site is optimized with the Yoast SEO plugin v17.5 - https:\/\/yoast.com\/wordpress\/plugins\/seo\/ -->\n<meta name=\"robots\" content=\"index, follow, max-snippet:-1, max-image-preview:large, max-video-preview:-1\" \/>\n<link rel=\"canonical\" href=\"https:\/\/internacional.umh.es\/en\/2026\/09\/02\/la-umh-lleva-a-brasil-un-laboratorio-ciudadano-sobre-ecoansiedad-y-cambio-climatico\/\" \/>\n<meta property=\"og:locale\" content=\"en_US\" \/>\n<meta property=\"og:type\" content=\"article\" \/>\n<meta property=\"og:title\" content=\"UMH Takes a Citizen-Led Workshop on Eco-Anxiety and Climate Change to Brazil - International Relations and Cooperation\" \/>\n<meta property=\"og:description\" content=\"On September 1 &amp; 2, 2026, in Vit\u00f3ria da Conquista (Bahia, Brazil), the Miguel Hern\u00e1ndez University of Elche (UMH) and Southwest Bahia State University (UESB) are hosting the Eco-Anxiety and Climate Change Citizen Laboratory. This event has attracted scientists, students, and members of the public, and there they are analyzing how they are dealing with [...]\" \/>\n<meta property=\"og:url\" content=\"https:\/\/internacional.umh.es\/2026\/09\/02\/la-umh-lleva-a-brasil-un-laboratorio-ciudadano-sobre-ecoansiedad-y-cambio-climatico\/\" \/>\n<meta property=\"og:site_name\" content=\"International Relations and Cooperation\" \/>\n<meta property=\"article:published_time\" content=\"2026-09-02T11:10:36+00:00\" \/>\n<meta property=\"article:modified_time\" content=\"2026-09-03T09:17:04+00:00\" \/>\n<meta property=\"og:image\" content=\"https:\/\/internacional.umh.es\/files\/2026\/09\/WhatsApp-Image-2026-09-02-at-03.19.45-300x225.jpeg\" \/>\n<meta name=\"twitter:card\" content=\"summary_large_image\" \/>\n<meta name=\"twitter:label1\" content=\"Written by\" \/>\n\t<meta name=\"twitter:data1\" content=\"maria.mast\" \/>\n\t<meta name=\"twitter:label2\" content=\"Est. reading time\" \/>\n\t<meta name=\"twitter:data2\" content=\"5 minutes\" \/>\n<script type=\"application\/ld+json\" class=\"yoast-schema-graph\">{\"@context\":\"https:\/\/schema.org\",\"@graph\":[{\"@type\":\"WebSite\",\"@id\":\"https:\/\/internacional.umh.es\/en\/#website\",\"url\":\"https:\/\/internacional.umh.es\/en\/\",\"name\":\"International Relations and Cooperation\",\"description\":\"Miguel Hernandez University of Elche\",\"potentialAction\":[{\"@type\":\"SearchAction\",\"target\":{\"@type\":\"EntryPoint\",\"urlTemplate\":\"https:\/\/internacional.umh.es\/en\/?s={search_term_string}\"},\"query-input\":\"required name=search_term_string\"}],\"inLanguage\":\"en-US\"},{\"@type\":\"ImageObject\",\"@id\":\"https:\/\/internacional.umh.es\/2026\/09\/02\/la-umh-lleva-a-brasil-un-laboratorio-ciudadano-sobre-ecoansiedad-y-cambio-climatico\/#primaryimage\",\"inLanguage\":\"en-US\",\"url\":\"https:\/\/internacional.umh.es\/files\/2026\/09\/WhatsApp-Image-2026-09-02-at-03.19.45.jpeg\",\"contentUrl\":\"https:\/\/internacional.umh.es\/files\/2026\/09\/WhatsApp-Image-2026-09-02-at-03.19.45.jpeg\",\"width\":2048,\"height\":1536},{\"@type\":\"WebPage\",\"@id\":\"https:\/\/internacional.umh.es\/2026\/09\/02\/la-umh-lleva-a-brasil-un-laboratorio-ciudadano-sobre-ecoansiedad-y-cambio-climatico\/#webpage\",\"url\":\"https:\/\/internacional.umh.es\/2026\/09\/02\/la-umh-lleva-a-brasil-un-laboratorio-ciudadano-sobre-ecoansiedad-y-cambio-climatico\/\",\"name\":\"UMH Takes a Citizen-Led Workshop on Eco-Anxiety and Climate Change to Brazil - International Relations and Cooperation\",\"isPartOf\":{\"@id\":\"https:\/\/internacional.umh.es\/en\/#website\"},\"primaryImageOfPage\":{\"@id\":\"https:\/\/internacional.umh.es\/2026\/09\/02\/la-umh-lleva-a-brasil-un-laboratorio-ciudadano-sobre-ecoansiedad-y-cambio-climatico\/#primaryimage\"},\"datePublished\":\"2026-09-02T11:10:36+00:00\",\"dateModified\":\"2026-09-03T09:17:04+00:00\",\"author\":{\"@id\":\"https:\/\/internacional.umh.es\/en\/#\/schema\/person\/a15a935a5e3a3affcc474105f1e28e58\"},\"breadcrumb\":{\"@id\":\"https:\/\/internacional.umh.es\/2026\/09\/02\/la-umh-lleva-a-brasil-un-laboratorio-ciudadano-sobre-ecoansiedad-y-cambio-climatico\/#breadcrumb\"},\"inLanguage\":\"en-US\",\"potentialAction\":[{\"@type\":\"ReadAction\",\"target\":[\"https:\/\/internacional.umh.es\/2026\/09\/02\/la-umh-lleva-a-brasil-un-laboratorio-ciudadano-sobre-ecoansiedad-y-cambio-climatico\/\"]}]},{\"@type\":\"BreadcrumbList\",\"@id\":\"https:\/\/internacional.umh.es\/2026\/09\/02\/la-umh-lleva-a-brasil-un-laboratorio-ciudadano-sobre-ecoansiedad-y-cambio-climatico\/#breadcrumb\",\"itemListElement\":[{\"@type\":\"ListItem\",\"position\":1,\"name\":\"Home\",\"item\":\"https:\/\/internacional.umh.es\/\"},{\"@type\":\"ListItem\",\"position\":2,\"name\":\"La UMH lleva a Brasil un laboratorio ciudadano sobre ecoansiedad y cambio clim\\u00e1tico\"}]},{\"@type\":\"Person\",\"@id\":\"https:\/\/internacional.umh.es\/en\/#\/schema\/person\/a15a935a5e3a3affcc474105f1e28e58\",\"name\":\"maria.mast\",\"image\":{\"@type\":\"ImageObject\",\"@id\":\"https:\/\/internacional.umh.es\/en\/#personlogo\",\"inLanguage\":\"en-US\",\"url\":\"https:\/\/secure.gravatar.com\/avatar\/4b1d1b25131608276d6e03ec55ed4558?s=96&d=mm&r=g\",\"contentUrl\":\"https:\/\/secure.gravatar.com\/avatar\/4b1d1b25131608276d6e03ec55ed4558?s=96&d=mm&r=g\",\"caption\":\"maria.mast\"},\"url\":\"https:\/\/internacional.umh.es\/en\/author\/maria-mast\/\"}]}<\/script>\n<!-- \/ Yoast SEO plugin. -->","yoast_head_json":{"robots":{"index":"index","follow":"follow","max-snippet":"max-snippet:-1","max-image-preview":"max-image-preview:large","max-video-preview":"max-video-preview:-1"},"canonical":"https:\/\/internacional.umh.es\/en\/2026\/09\/02\/la-umh-lleva-a-brasil-un-laboratorio-ciudadano-sobre-ecoansiedad-y-cambio-climatico\/","og_locale":"en_US","og_type":"article","og_title":"UMH Takes a Citizen-Led Workshop on Eco-Anxiety and Climate Change to Brazil - International Relations and Cooperation","og_description":"On September 1 &amp; 2, 2026, in Vit\u00f3ria da Conquista (Bahia, Brazil), the Miguel Hern\u00e1ndez University of Elche (UMH) and Southwest Bahia State University (UESB) are hosting the Eco-Anxiety and Climate Change Citizen Laboratory. This event has attracted scientists, students, and members of the public, and there they are analyzing how they are dealing with [...]","og_url":"https:\/\/internacional.umh.es\/2026\/09\/02\/la-umh-lleva-a-brasil-un-laboratorio-ciudadano-sobre-ecoansiedad-y-cambio-climatico\/","og_site_name":"International Relations and Cooperation","article_published_time":"2026-09-02T11:10:36+00:00","article_modified_time":"2026-09-03T09:17:04+00:00","og_image":[{"url":"https:\/\/internacional.umh.es\/files\/2026\/09\/WhatsApp-Image-2026-09-02-at-03.19.45-300x225.jpeg"}],"twitter_card":"summary_large_image","twitter_misc":{"Written by":"maria.mast","Est. reading time":"5 minutes"},"schema":{"@context":"https:\/\/schema.org","@graph":[{"@type":"WebSite","@id":"https:\/\/internacional.umh.es\/en\/#website","url":"https:\/\/internacional.umh.es\/en\/","name":"International Relations and Cooperation","description":"Miguel Hernandez University of Elche","potentialAction":[{"@type":"SearchAction","target":{"@type":"EntryPoint","urlTemplate":"https:\/\/internacional.umh.es\/en\/?s={search_term_string}"},"query-input":"required name=search_term_string"}],"inLanguage":"en-US"},{"@type":"ImageObject","@id":"https:\/\/internacional.umh.es\/2026\/09\/02\/la-umh-lleva-a-brasil-un-laboratorio-ciudadano-sobre-ecoansiedad-y-cambio-climatico\/#primaryimage","inLanguage":"en-US","url":"https:\/\/internacional.umh.es\/files\/2026\/09\/WhatsApp-Image-2026-09-02-at-03.19.45.jpeg","contentUrl":"https:\/\/internacional.umh.es\/files\/2026\/09\/WhatsApp-Image-2026-09-02-at-03.19.45.jpeg","width":2048,"height":1536},{"@type":"WebPage","@id":"https:\/\/internacional.umh.es\/2026\/09\/02\/la-umh-lleva-a-brasil-un-laboratorio-ciudadano-sobre-ecoansiedad-y-cambio-climatico\/#webpage","url":"https:\/\/internacional.umh.es\/2026\/09\/02\/la-umh-lleva-a-brasil-un-laboratorio-ciudadano-sobre-ecoansiedad-y-cambio-climatico\/","name":"UMH Takes a Citizen-Led Workshop on Eco-Anxiety and Climate Change to Brazil - International Relations and Cooperation","isPartOf":{"@id":"https:\/\/internacional.umh.es\/en\/#website"},"primaryImageOfPage":{"@id":"https:\/\/internacional.umh.es\/2026\/09\/02\/la-umh-lleva-a-brasil-un-laboratorio-ciudadano-sobre-ecoansiedad-y-cambio-climatico\/#primaryimage"},"datePublished":"2026-09-02T11:10:36+00:00","dateModified":"2026-09-03T09:17:04+00:00","author":{"@id":"https:\/\/internacional.umh.es\/en\/#\/schema\/person\/a15a935a5e3a3affcc474105f1e28e58"},"breadcrumb":{"@id":"https:\/\/internacional.umh.es\/2026\/09\/02\/la-umh-lleva-a-brasil-un-laboratorio-ciudadano-sobre-ecoansiedad-y-cambio-climatico\/#breadcrumb"},"inLanguage":"en-US","potentialAction":[{"@type":"ReadAction","target":["https:\/\/internacional.umh.es\/2026\/09\/02\/la-umh-lleva-a-brasil-un-laboratorio-ciudadano-sobre-ecoansiedad-y-cambio-climatico\/"]}]},{"@type":"BreadcrumbList","@id":"https:\/\/internacional.umh.es\/2026\/09\/02\/la-umh-lleva-a-brasil-un-laboratorio-ciudadano-sobre-ecoansiedad-y-cambio-climatico\/#breadcrumb","itemListElement":[{"@type":"ListItem","position":1,"name":"Home","item":"https:\/\/internacional.umh.es\/"},{"@type":"ListItem","position":2,"name":"La UMH lleva a Brasil un laboratorio ciudadano sobre ecoansiedad y cambio clim\u00e1tico"}]},{"@type":"Person","@id":"https:\/\/internacional.umh.es\/en\/#\/schema\/person\/a15a935a5e3a3affcc474105f1e28e58","name":"maria.mast","image":{"@type":"ImageObject","@id":"https:\/\/internacional.umh.es\/en\/#personlogo","inLanguage":"en-US","url":"https:\/\/secure.gravatar.com\/avatar\/4b1d1b25131608276d6e03ec55ed4558?s=96&d=mm&r=g","contentUrl":"https:\/\/secure.gravatar.com\/avatar\/4b1d1b25131608276d6e03ec55ed4558?s=96&d=mm&r=g","caption":"maria.mast"},"url":"https:\/\/internacional.umh.es\/en\/author\/maria-mast\/"}]}},"_links":{"self":[{"href":"https:\/\/internacional.umh.es\/en\/wp-json\/wp\/v2\/posts\/45286"}],"collection":[{"href":"https:\/\/internacional.umh.es\/en\/wp-json\/wp\/v2\/posts"}],"about":[{"href":"https:\/\/internacional.umh.es\/en\/wp-json\/wp\/v2\/types\/post"}],"author":[{"embeddable":true,"href":"https:\/\/internacional.umh.es\/en\/wp-json\/wp\/v2\/users\/6349"}],"replies":[{"embeddable":true,"href":"https:\/\/internacional.umh.es\/en\/wp-json\/wp\/v2\/comments?post=45286"}],"version-history":[{"count":0,"href":"https:\/\/internacional.umh.es\/en\/wp-json\/wp\/v2\/posts\/45286\/revisions"}],"wp:attachment":[{"href":"https:\/\/internacional.umh.es\/en\/wp-json\/wp\/v2\/media?parent=45286"}],"wp:term":[{"taxonomy":"category","embeddable":true,"href":"https:\/\/internacional.umh.es\/en\/wp-json\/wp\/v2\/categories?post=45286"},{"taxonomy":"post_tag","embeddable":true,"href":"https:\/\/internacional.umh.es\/en\/wp-json\/wp\/v2\/tags?post=45286"}],"curies":[{"name":"wp","href":"https:\/\/api.w.org\/{rel}","templated":true}]}}