{"id":6971,"date":"2018-07-16T08:48:14","date_gmt":"2018-07-16T06:48:14","guid":{"rendered":"http:\/\/internacional.umh.es\/?p=6971"},"modified":"2018-07-16T10:33:48","modified_gmt":"2018-07-16T08:33:48","slug":"la-umh-participa-en-la-universidad-de-las-californias-internacional-de-mexico-en-la-2a-edicion-del-international-student-film-project","status":"publish","type":"post","link":"https:\/\/internacional.umh.es\/en\/2018\/07\/16\/la-umh-participa-en-la-universidad-de-las-californias-internacional-de-mexico-en-la-2a-edicion-del-international-student-film-project\/","title":{"rendered":"UMH AT THE INTERNATIONAL UNIVERSITY OF THE CALIFORNIAS (MEXICO) TO PARTICIPATE IN THE SECOND EDITION OF THE INTERNATIONAL STUDENT FILM PROJECT"},"content":{"rendered":"<p><img loading=\"lazy\" class=\"size-medium wp-image-113546 alignleft\" src=\"https:\/\/comunicacion.umh.es\/files\/2018\/07\/11-07-18-presentaci%C3%B3n-student-film-project-principal-300x222.jpg\" alt=\"\" width=\"300\" height=\"222\"><\/p>\n<p>Students from the UMH Bachelor&#8217;s in Audiovisual Communication, Luisella Fiorella Lucero Dala and Elisabet Agull\u00f3 Garc\u00eda, along with part-time lecturer, Juli\u00e1n Mart\u00ednez Cano, are participants in the second edition of the <em>International Student Film Project<\/em> (ISFP). During the presentation of this edition, held at the International University of the Californias (UDCI) in Tijuana, Mexico, the 2017 short film, \u201cCuando venga a por m\u00ed,\u201d was shown. This short was produced for the first edition of the ISFP, held in Elche, in which students from the UMH, UDCI, and the University of Beira Interior of Portugal participated.<\/p>\n<p>Attending the presentation, among others, were UDCI rector, Antonio Carrillo Vilches, and the directors of its undergraduate programs of Communication Sciences and Cinematography, Martha Zaldivar and Carlos Carrillo Vilches, respectively.<\/p>\n<p>The <em>International Student Film Project<\/em> is organized by the UMH Bachelor\u2019s in Audiovisual Communication, and the International University of the Californias (Tijuana, Mexico) joined it in this edition. Other project collaborators include the Elche International Festival of Independent Film (FICIE). The Vice Rectorate for International Relations, Vice Rectorate for Culture and University Extension, and the Faculty of Social and Legal Sciences of Elche represented the UMH.<\/p>\n<p>This action is part of the Support for the Internationalization of Schools, Faculties, and Research Institutes (AIEFI) that is called by the Vice Rectorate for International Relations.<\/p>","protected":false},"excerpt":{"rendered":"<p>Students from the UMH Bachelor&#8217;s in Audiovisual Communication, Luisella Fiorella Lucero Dala and Elisabet Agull\u00f3 Garc\u00eda, along with part-time lecturer, Juli\u00e1n Mart\u00ednez Cano, are participants in the second edition of the International Student Film Project (ISFP). During the presentation of this edition, held at the International University of the Californias (UDCI) in Tijuana, Mexico, the [&#8230;]<\/p>\n","protected":false},"author":3296,"featured_media":0,"comment_status":"closed","ping_status":"closed","sticky":false,"template":"","format":"standard","meta":{"ngg_post_thumbnail":0,"_links_to":"","_links_to_target":""},"categories":[283],"tags":[53240],"yoast_head":"<!-- This site is optimized with the Yoast SEO plugin v17.5 - https:\/\/yoast.com\/wordpress\/plugins\/seo\/ -->\n<meta name=\"robots\" content=\"index, follow, max-snippet:-1, max-image-preview:large, max-video-preview:-1\" \/>\n<link rel=\"canonical\" href=\"https:\/\/internacional.umh.es\/en\/2018\/07\/16\/la-umh-participa-en-la-universidad-de-las-californias-internacional-de-mexico-en-la-2a-edicion-del-international-student-film-project\/\" \/>\n<meta property=\"og:locale\" content=\"en_US\" \/>\n<meta property=\"og:type\" content=\"article\" \/>\n<meta property=\"og:title\" content=\"LA UMH PARTICIPA EN LA UNIVERSIDAD DE LAS CALIFORNIAS INTERNACIONAL DE M\u00c9XICO EN LA 2\u00aa EDICI\u00d3N DEL INTERNATIONAL STUDENT FILM PROJECTUMH AT THE INTERNATIONAL UNIVERSITY OF THE CALIFORNIAS (MEXICO) TO PARTICIPATE IN THE SECOND EDITION OF THE INTERNATIONAL STUDENT FILM PROJECT - International Relations and Cooperation\" \/>\n<meta property=\"og:description\" content=\"Students from the UMH Bachelor&#8217;s in Audiovisual Communication, Luisella Fiorella Lucero Dala and Elisabet Agull\u00f3 Garc\u00eda, along with part-time lecturer, Juli\u00e1n Mart\u00ednez Cano, are participants in the second edition of the International Student Film Project (ISFP). During the presentation of this edition, held at the International University of the Californias (UDCI) in Tijuana, Mexico, the [...]\" \/>\n<meta property=\"og:url\" content=\"https:\/\/internacional.umh.es\/en\/2018\/07\/16\/la-umh-participa-en-la-universidad-de-las-californias-internacional-de-mexico-en-la-2a-edicion-del-international-student-film-project\/\" \/>\n<meta property=\"og:site_name\" content=\"International Relations and Cooperation\" \/>\n<meta property=\"article:published_time\" content=\"2018-07-16T06:48:14+00:00\" \/>\n<meta property=\"article:modified_time\" content=\"2018-07-16T08:33:48+00:00\" \/>\n<meta property=\"og:image\" content=\"https:\/\/comunicacion.umh.es\/files\/2018\/07\/11-07-18-presentaci%C3%B3n-student-film-project-principal-300x222.jpg\" \/>\n<meta name=\"twitter:card\" content=\"summary_large_image\" \/>\n<meta name=\"twitter:label1\" content=\"Written by\" \/>\n\t<meta name=\"twitter:data1\" content=\"Lis Gaibar\" \/>\n\t<meta name=\"twitter:label2\" content=\"Est. reading time\" \/>\n\t<meta name=\"twitter:data2\" content=\"2 minutes\" \/>\n<script type=\"application\/ld+json\" class=\"yoast-schema-graph\">{\"@context\":\"https:\/\/schema.org\",\"@graph\":[{\"@type\":\"WebSite\",\"@id\":\"https:\/\/internacional.umh.es\/en\/#website\",\"url\":\"https:\/\/internacional.umh.es\/en\/\",\"name\":\"International Relations and Cooperation\",\"description\":\"Miguel Hernandez University of Elche\",\"potentialAction\":[{\"@type\":\"SearchAction\",\"target\":{\"@type\":\"EntryPoint\",\"urlTemplate\":\"https:\/\/internacional.umh.es\/en\/?s={search_term_string}\"},\"query-input\":\"required name=search_term_string\"}],\"inLanguage\":\"en-US\"},{\"@type\":\"ImageObject\",\"@id\":\"https:\/\/internacional.umh.es\/en\/2018\/07\/16\/la-umh-participa-en-la-universidad-de-las-californias-internacional-de-mexico-en-la-2a-edicion-del-international-student-film-project\/#primaryimage\",\"inLanguage\":\"en-US\",\"url\":\"https:\/\/comunicacion.umh.es\/files\/2018\/07\/11-07-18-presentaci%C3%B3n-student-film-project-principal-300x222.jpg\",\"contentUrl\":\"https:\/\/comunicacion.umh.es\/files\/2018\/07\/11-07-18-presentaci%C3%B3n-student-film-project-principal-300x222.jpg\"},{\"@type\":\"WebPage\",\"@id\":\"https:\/\/internacional.umh.es\/en\/2018\/07\/16\/la-umh-participa-en-la-universidad-de-las-californias-internacional-de-mexico-en-la-2a-edicion-del-international-student-film-project\/#webpage\",\"url\":\"https:\/\/internacional.umh.es\/en\/2018\/07\/16\/la-umh-participa-en-la-universidad-de-las-californias-internacional-de-mexico-en-la-2a-edicion-del-international-student-film-project\/\",\"name\":\"LA UMH PARTICIPA EN LA UNIVERSIDAD DE LAS CALIFORNIAS INTERNACIONAL DE M\\u00c9XICO EN LA 2\\u00aa EDICI\\u00d3N DEL INTERNATIONAL STUDENT FILM PROJECTUMH AT THE INTERNATIONAL UNIVERSITY OF THE CALIFORNIAS (MEXICO) TO PARTICIPATE IN THE SECOND EDITION OF THE INTERNATIONAL STUDENT FILM PROJECT - International Relations and Cooperation\",\"isPartOf\":{\"@id\":\"https:\/\/internacional.umh.es\/en\/#website\"},\"primaryImageOfPage\":{\"@id\":\"https:\/\/internacional.umh.es\/en\/2018\/07\/16\/la-umh-participa-en-la-universidad-de-las-californias-internacional-de-mexico-en-la-2a-edicion-del-international-student-film-project\/#primaryimage\"},\"datePublished\":\"2018-07-16T06:48:14+00:00\",\"dateModified\":\"2018-07-16T08:33:48+00:00\",\"author\":{\"@id\":\"https:\/\/internacional.umh.es\/en\/#\/schema\/person\/7bb65ed0a8b845f71ebcff4a02293168\"},\"breadcrumb\":{\"@id\":\"https:\/\/internacional.umh.es\/en\/2018\/07\/16\/la-umh-participa-en-la-universidad-de-las-californias-internacional-de-mexico-en-la-2a-edicion-del-international-student-film-project\/#breadcrumb\"},\"inLanguage\":\"en-US\",\"potentialAction\":[{\"@type\":\"ReadAction\",\"target\":[\"https:\/\/internacional.umh.es\/en\/2018\/07\/16\/la-umh-participa-en-la-universidad-de-las-californias-internacional-de-mexico-en-la-2a-edicion-del-international-student-film-project\/\"]}]},{\"@type\":\"BreadcrumbList\",\"@id\":\"https:\/\/internacional.umh.es\/en\/2018\/07\/16\/la-umh-participa-en-la-universidad-de-las-californias-internacional-de-mexico-en-la-2a-edicion-del-international-student-film-project\/#breadcrumb\",\"itemListElement\":[{\"@type\":\"ListItem\",\"position\":1,\"name\":\"Home\",\"item\":\"https:\/\/internacional.umh.es\/en\/\"},{\"@type\":\"ListItem\",\"position\":2,\"name\":\"LA UMH PARTICIPA EN LA UNIVERSIDAD DE LAS CALIFORNIAS INTERNACIONAL DE M\\u00c9XICO EN LA 2\\u00aa EDICI\\u00d3N DEL INTERNATIONAL STUDENT FILM PROJECT\"}]},{\"@type\":\"Person\",\"@id\":\"https:\/\/internacional.umh.es\/en\/#\/schema\/person\/7bb65ed0a8b845f71ebcff4a02293168\",\"name\":\"Lis Gaibar\",\"image\":{\"@type\":\"ImageObject\",\"@id\":\"https:\/\/internacional.umh.es\/en\/#personlogo\",\"inLanguage\":\"en-US\",\"url\":\"https:\/\/secure.gravatar.com\/avatar\/4e84d6c845e3a8cf35c7d725456c4948?s=96&d=mm&r=g\",\"contentUrl\":\"https:\/\/secure.gravatar.com\/avatar\/4e84d6c845e3a8cf35c7d725456c4948?s=96&d=mm&r=g\",\"caption\":\"Lis Gaibar\"},\"url\":\"https:\/\/internacional.umh.es\/en\/author\/l-gaibar\/\"}]}<\/script>\n<!-- \/ Yoast SEO plugin. -->","yoast_head_json":{"robots":{"index":"index","follow":"follow","max-snippet":"max-snippet:-1","max-image-preview":"max-image-preview:large","max-video-preview":"max-video-preview:-1"},"canonical":"https:\/\/internacional.umh.es\/en\/2018\/07\/16\/la-umh-participa-en-la-universidad-de-las-californias-internacional-de-mexico-en-la-2a-edicion-del-international-student-film-project\/","og_locale":"en_US","og_type":"article","og_title":"LA UMH PARTICIPA EN LA UNIVERSIDAD DE LAS CALIFORNIAS INTERNACIONAL DE M\u00c9XICO EN LA 2\u00aa EDICI\u00d3N DEL INTERNATIONAL STUDENT FILM PROJECTUMH AT THE INTERNATIONAL UNIVERSITY OF THE CALIFORNIAS (MEXICO) TO PARTICIPATE IN THE SECOND EDITION OF THE INTERNATIONAL STUDENT FILM PROJECT - International Relations and Cooperation","og_description":"Students from the UMH Bachelor&#8217;s in Audiovisual Communication, Luisella Fiorella Lucero Dala and Elisabet Agull\u00f3 Garc\u00eda, along with part-time lecturer, Juli\u00e1n Mart\u00ednez Cano, are participants in the second edition of the International Student Film Project (ISFP). During the presentation of this edition, held at the International University of the Californias (UDCI) in Tijuana, Mexico, the [...]","og_url":"https:\/\/internacional.umh.es\/en\/2018\/07\/16\/la-umh-participa-en-la-universidad-de-las-californias-internacional-de-mexico-en-la-2a-edicion-del-international-student-film-project\/","og_site_name":"International Relations and Cooperation","article_published_time":"2018-07-16T06:48:14+00:00","article_modified_time":"2018-07-16T08:33:48+00:00","og_image":[{"url":"https:\/\/comunicacion.umh.es\/files\/2018\/07\/11-07-18-presentaci%C3%B3n-student-film-project-principal-300x222.jpg"}],"twitter_card":"summary_large_image","twitter_misc":{"Written by":"Lis Gaibar","Est. reading time":"2 minutes"},"schema":{"@context":"https:\/\/schema.org","@graph":[{"@type":"WebSite","@id":"https:\/\/internacional.umh.es\/en\/#website","url":"https:\/\/internacional.umh.es\/en\/","name":"International Relations and Cooperation","description":"Miguel Hernandez University of Elche","potentialAction":[{"@type":"SearchAction","target":{"@type":"EntryPoint","urlTemplate":"https:\/\/internacional.umh.es\/en\/?s={search_term_string}"},"query-input":"required name=search_term_string"}],"inLanguage":"en-US"},{"@type":"ImageObject","@id":"https:\/\/internacional.umh.es\/en\/2018\/07\/16\/la-umh-participa-en-la-universidad-de-las-californias-internacional-de-mexico-en-la-2a-edicion-del-international-student-film-project\/#primaryimage","inLanguage":"en-US","url":"https:\/\/comunicacion.umh.es\/files\/2018\/07\/11-07-18-presentaci%C3%B3n-student-film-project-principal-300x222.jpg","contentUrl":"https:\/\/comunicacion.umh.es\/files\/2018\/07\/11-07-18-presentaci%C3%B3n-student-film-project-principal-300x222.jpg"},{"@type":"WebPage","@id":"https:\/\/internacional.umh.es\/en\/2018\/07\/16\/la-umh-participa-en-la-universidad-de-las-californias-internacional-de-mexico-en-la-2a-edicion-del-international-student-film-project\/#webpage","url":"https:\/\/internacional.umh.es\/en\/2018\/07\/16\/la-umh-participa-en-la-universidad-de-las-californias-internacional-de-mexico-en-la-2a-edicion-del-international-student-film-project\/","name":"LA UMH PARTICIPA EN LA UNIVERSIDAD DE LAS CALIFORNIAS INTERNACIONAL DE M\u00c9XICO EN LA 2\u00aa EDICI\u00d3N DEL INTERNATIONAL STUDENT FILM PROJECTUMH AT THE INTERNATIONAL UNIVERSITY OF THE CALIFORNIAS (MEXICO) TO PARTICIPATE IN THE SECOND EDITION OF THE INTERNATIONAL STUDENT FILM PROJECT - International Relations and Cooperation","isPartOf":{"@id":"https:\/\/internacional.umh.es\/en\/#website"},"primaryImageOfPage":{"@id":"https:\/\/internacional.umh.es\/en\/2018\/07\/16\/la-umh-participa-en-la-universidad-de-las-californias-internacional-de-mexico-en-la-2a-edicion-del-international-student-film-project\/#primaryimage"},"datePublished":"2018-07-16T06:48:14+00:00","dateModified":"2018-07-16T08:33:48+00:00","author":{"@id":"https:\/\/internacional.umh.es\/en\/#\/schema\/person\/7bb65ed0a8b845f71ebcff4a02293168"},"breadcrumb":{"@id":"https:\/\/internacional.umh.es\/en\/2018\/07\/16\/la-umh-participa-en-la-universidad-de-las-californias-internacional-de-mexico-en-la-2a-edicion-del-international-student-film-project\/#breadcrumb"},"inLanguage":"en-US","potentialAction":[{"@type":"ReadAction","target":["https:\/\/internacional.umh.es\/en\/2018\/07\/16\/la-umh-participa-en-la-universidad-de-las-californias-internacional-de-mexico-en-la-2a-edicion-del-international-student-film-project\/"]}]},{"@type":"BreadcrumbList","@id":"https:\/\/internacional.umh.es\/en\/2018\/07\/16\/la-umh-participa-en-la-universidad-de-las-californias-internacional-de-mexico-en-la-2a-edicion-del-international-student-film-project\/#breadcrumb","itemListElement":[{"@type":"ListItem","position":1,"name":"Home","item":"https:\/\/internacional.umh.es\/en\/"},{"@type":"ListItem","position":2,"name":"LA UMH PARTICIPA EN LA UNIVERSIDAD DE LAS CALIFORNIAS INTERNACIONAL DE M\u00c9XICO EN LA 2\u00aa EDICI\u00d3N DEL INTERNATIONAL STUDENT FILM PROJECT"}]},{"@type":"Person","@id":"https:\/\/internacional.umh.es\/en\/#\/schema\/person\/7bb65ed0a8b845f71ebcff4a02293168","name":"Lis Gaibar","image":{"@type":"ImageObject","@id":"https:\/\/internacional.umh.es\/en\/#personlogo","inLanguage":"en-US","url":"https:\/\/secure.gravatar.com\/avatar\/4e84d6c845e3a8cf35c7d725456c4948?s=96&d=mm&r=g","contentUrl":"https:\/\/secure.gravatar.com\/avatar\/4e84d6c845e3a8cf35c7d725456c4948?s=96&d=mm&r=g","caption":"Lis Gaibar"},"url":"https:\/\/internacional.umh.es\/en\/author\/l-gaibar\/"}]}},"_links":{"self":[{"href":"https:\/\/internacional.umh.es\/en\/wp-json\/wp\/v2\/posts\/6971"}],"collection":[{"href":"https:\/\/internacional.umh.es\/en\/wp-json\/wp\/v2\/posts"}],"about":[{"href":"https:\/\/internacional.umh.es\/en\/wp-json\/wp\/v2\/types\/post"}],"author":[{"embeddable":true,"href":"https:\/\/internacional.umh.es\/en\/wp-json\/wp\/v2\/users\/3296"}],"replies":[{"embeddable":true,"href":"https:\/\/internacional.umh.es\/en\/wp-json\/wp\/v2\/comments?post=6971"}],"version-history":[{"count":0,"href":"https:\/\/internacional.umh.es\/en\/wp-json\/wp\/v2\/posts\/6971\/revisions"}],"wp:attachment":[{"href":"https:\/\/internacional.umh.es\/en\/wp-json\/wp\/v2\/media?parent=6971"}],"wp:term":[{"taxonomy":"category","embeddable":true,"href":"https:\/\/internacional.umh.es\/en\/wp-json\/wp\/v2\/categories?post=6971"},{"taxonomy":"post_tag","embeddable":true,"href":"https:\/\/internacional.umh.es\/en\/wp-json\/wp\/v2\/tags?post=6971"}],"curies":[{"name":"wp","href":"https:\/\/api.w.org\/{rel}","templated":true}]}}