{"id":7928,"date":"2018-10-19T13:57:16","date_gmt":"2018-10-19T11:57:16","guid":{"rendered":"https:\/\/internacional.umh.es\/?p=7928"},"modified":"2018-10-22T09:16:48","modified_gmt":"2018-10-22T07:16:48","slug":"visita-del-rector-de-la-escuela-superior-politecnica-de-chimborazo-ecuador","status":"publish","type":"post","link":"https:\/\/internacional.umh.es\/en\/2018\/10\/19\/visita-del-rector-de-la-escuela-superior-politecnica-de-chimborazo-ecuador\/","title":{"rendered":"VISIT BY THE RECTOR OF THE ESCUELA SUPERIOR POLIT\u00c9CNICA DE CHIMBORAZO (ECUADOR)"},"content":{"rendered":"<p><a href=\"https:\/\/internacional.umh.es\/files\/2018\/10\/DSC_0001_compressed.jpg\"><img loading=\"lazy\" class=\"wp-image-7940 alignleft\" src=\"https:\/\/internacional.umh.es\/files\/2018\/10\/DSC_0001_compressed.jpg\" alt=\"\" width=\"285\" height=\"202\" srcset=\"https:\/\/internacional.umh.es\/files\/2018\/10\/DSC_0001_compressed.jpg 4568w, https:\/\/internacional.umh.es\/files\/2018\/10\/DSC_0001_compressed-300x213.jpg 300w, https:\/\/internacional.umh.es\/files\/2018\/10\/DSC_0001_compressed-768x545.jpg 768w, https:\/\/internacional.umh.es\/files\/2018\/10\/DSC_0001_compressed-1024x726.jpg 1024w\" sizes=\"(max-width: 285px) 100vw, 285px\" \/><\/a>A delegation from the Escuela Superior Polit\u00e9cnica de Chimborazo (ESPOCH) of Ecuador, led by its rector, Byron Ernesto Vaca Barahona, visited the Elche Campus and the School of Engineering of Orihuela (EPSO) at the Miguel Hern\u00e1ndez University of Elche to meet with various UMH officials. This activity is a result of the agreement signed between both institutions, and was organized with the objective of examining the possibility of establishing joint master\u2019s programs between both&nbsp;schools.&nbsp;<\/p>\n<p>Specifically, the rector from the Ecuadorian university, accompanied by ESPOCH communicator, Patricio David Moreno Soxo, met with UMH Vice Rector for Academic Affairs, Mar\u00eda Carmen Acosta; vice rectors for international relations, \u00c1frica Mart\u00ednez and Ausias Garrig\u00f3s; EPSO Director, Ricardo Abad\u00eda; and associate professor, Concepci\u00f3n Paredes Gil, promotor of the agreement signed by both universities.<\/p>\n<p>The objectives sought in the agreement signed between the UMH and the ESPOCH include, among others, exchanges between faculty and investigators, in addition to students at undergraduate, master, and doctoral levels. Furthermore, both institutions will work closely on the possibility of carrying out joint degree programs to facilitate the validation and recognition of students\u2019 degrees.<\/p>\n<p><a href=\"https:\/\/internacional.umh.es\/files\/2018\/10\/DSC_0014_compressed.jpg\"><img loading=\"lazy\" class=\"wp-image-7937 aligncenter\" src=\"https:\/\/internacional.umh.es\/files\/2018\/10\/DSC_0014_compressed.jpg\" alt=\"\" width=\"311\" height=\"207\" srcset=\"https:\/\/internacional.umh.es\/files\/2018\/10\/DSC_0014_compressed.jpg 6000w, https:\/\/internacional.umh.es\/files\/2018\/10\/DSC_0014_compressed-300x200.jpg 300w, https:\/\/internacional.umh.es\/files\/2018\/10\/DSC_0014_compressed-768x512.jpg 768w, https:\/\/internacional.umh.es\/files\/2018\/10\/DSC_0014_compressed-1024x683.jpg 1024w\" sizes=\"(max-width: 311px) 100vw, 311px\" \/><\/a><\/p>","protected":false},"excerpt":{"rendered":"<p>A delegation from the Escuela Superior Polit\u00e9cnica de Chimborazo (ESPOCH) of Ecuador, led by its rector, Byron Ernesto Vaca Barahona, visited the Elche Campus and the School of Engineering of Orihuela (EPSO) at the Miguel Hern\u00e1ndez University of Elche to meet with various UMH officials. This activity is a result of the agreement signed between [&#8230;]<\/p>\n","protected":false},"author":4274,"featured_media":0,"comment_status":"closed","ping_status":"closed","sticky":false,"template":"","format":"standard","meta":{"ngg_post_thumbnail":0,"_links_to":"","_links_to_target":""},"categories":[53411],"tags":[257,143753],"yoast_head":"<!-- This site is optimized with the Yoast SEO plugin v17.5 - https:\/\/yoast.com\/wordpress\/plugins\/seo\/ -->\n<meta name=\"robots\" content=\"index, follow, max-snippet:-1, max-image-preview:large, max-video-preview:-1\" \/>\n<link rel=\"canonical\" href=\"https:\/\/internacional.umh.es\/en\/2018\/10\/19\/visita-del-rector-de-la-escuela-superior-politecnica-de-chimborazo-ecuador\/\" \/>\n<meta property=\"og:locale\" content=\"en_US\" \/>\n<meta property=\"og:type\" content=\"article\" \/>\n<meta property=\"og:title\" content=\"VISITA DEL RECTOR DE LA ESCUELA SUPERIOR POLIT\u00c9CNICA DE CHIMBORAZO (ECUADOR)VISIT BY THE RECTOR OF THE ESCUELA SUPERIOR POLIT\u00c9CNICA DE CHIMBORAZO (ECUADOR) - International Relations and Cooperation\" \/>\n<meta property=\"og:description\" content=\"A delegation from the Escuela Superior Polit\u00e9cnica de Chimborazo (ESPOCH) of Ecuador, led by its rector, Byron Ernesto Vaca Barahona, visited the Elche Campus and the School of Engineering of Orihuela (EPSO) at the Miguel Hern\u00e1ndez University of Elche to meet with various UMH officials. This activity is a result of the agreement signed between [...]\" \/>\n<meta property=\"og:url\" content=\"https:\/\/internacional.umh.es\/ca\/2018\/10\/19\/visita-del-rector-de-la-escuela-superior-politecnica-de-chimborazo-ecuador\/\" \/>\n<meta property=\"og:site_name\" content=\"International Relations and Cooperation\" \/>\n<meta property=\"article:published_time\" content=\"2018-10-19T11:57:16+00:00\" \/>\n<meta property=\"article:modified_time\" content=\"2018-10-22T07:16:48+00:00\" \/>\n<meta property=\"og:image\" content=\"https:\/\/internacional.umh.es\/files\/2018\/10\/DSC_0001_compressed.jpg\" \/>\n<meta name=\"twitter:card\" content=\"summary_large_image\" \/>\n<meta name=\"twitter:label1\" content=\"Written by\" \/>\n\t<meta name=\"twitter:data1\" content=\"emoreno\" \/>\n\t<meta name=\"twitter:label2\" content=\"Est. reading time\" \/>\n\t<meta name=\"twitter:data2\" content=\"2 minutes\" \/>\n<script type=\"application\/ld+json\" class=\"yoast-schema-graph\">{\"@context\":\"https:\/\/schema.org\",\"@graph\":[{\"@type\":\"WebSite\",\"@id\":\"https:\/\/internacional.umh.es\/en\/#website\",\"url\":\"https:\/\/internacional.umh.es\/en\/\",\"name\":\"International Relations and Cooperation\",\"description\":\"Miguel Hernandez University of Elche\",\"potentialAction\":[{\"@type\":\"SearchAction\",\"target\":{\"@type\":\"EntryPoint\",\"urlTemplate\":\"https:\/\/internacional.umh.es\/en\/?s={search_term_string}\"},\"query-input\":\"required name=search_term_string\"}],\"inLanguage\":\"en-US\"},{\"@type\":\"ImageObject\",\"@id\":\"https:\/\/internacional.umh.es\/ca\/2018\/10\/19\/visita-del-rector-de-la-escuela-superior-politecnica-de-chimborazo-ecuador\/#primaryimage\",\"inLanguage\":\"en-US\",\"url\":\"https:\/\/internacional.umh.es\/files\/2018\/10\/DSC_0001_compressed.jpg\",\"contentUrl\":\"https:\/\/internacional.umh.es\/files\/2018\/10\/DSC_0001_compressed.jpg\",\"width\":4568,\"height\":3240},{\"@type\":\"WebPage\",\"@id\":\"https:\/\/internacional.umh.es\/ca\/2018\/10\/19\/visita-del-rector-de-la-escuela-superior-politecnica-de-chimborazo-ecuador\/#webpage\",\"url\":\"https:\/\/internacional.umh.es\/ca\/2018\/10\/19\/visita-del-rector-de-la-escuela-superior-politecnica-de-chimborazo-ecuador\/\",\"name\":\"VISITA DEL RECTOR DE LA ESCUELA SUPERIOR POLIT\\u00c9CNICA DE CHIMBORAZO (ECUADOR)VISIT BY THE RECTOR OF THE ESCUELA SUPERIOR POLIT\\u00c9CNICA DE CHIMBORAZO (ECUADOR) - International Relations and Cooperation\",\"isPartOf\":{\"@id\":\"https:\/\/internacional.umh.es\/en\/#website\"},\"primaryImageOfPage\":{\"@id\":\"https:\/\/internacional.umh.es\/ca\/2018\/10\/19\/visita-del-rector-de-la-escuela-superior-politecnica-de-chimborazo-ecuador\/#primaryimage\"},\"datePublished\":\"2018-10-19T11:57:16+00:00\",\"dateModified\":\"2018-10-22T07:16:48+00:00\",\"author\":{\"@id\":\"https:\/\/internacional.umh.es\/en\/#\/schema\/person\/0e6db5a45fc02a9f27d66dd22bddd06e\"},\"breadcrumb\":{\"@id\":\"https:\/\/internacional.umh.es\/ca\/2018\/10\/19\/visita-del-rector-de-la-escuela-superior-politecnica-de-chimborazo-ecuador\/#breadcrumb\"},\"inLanguage\":\"en-US\",\"potentialAction\":[{\"@type\":\"ReadAction\",\"target\":[\"https:\/\/internacional.umh.es\/ca\/2018\/10\/19\/visita-del-rector-de-la-escuela-superior-politecnica-de-chimborazo-ecuador\/\"]}]},{\"@type\":\"BreadcrumbList\",\"@id\":\"https:\/\/internacional.umh.es\/ca\/2018\/10\/19\/visita-del-rector-de-la-escuela-superior-politecnica-de-chimborazo-ecuador\/#breadcrumb\",\"itemListElement\":[{\"@type\":\"ListItem\",\"position\":1,\"name\":\"Home\",\"item\":\"https:\/\/internacional.umh.es\/en\/\"},{\"@type\":\"ListItem\",\"position\":2,\"name\":\"(Espa\\u00f1ol) VISITA DEL RECTOR DE LA ESCUELA SUPERIOR POLIT\\u00c9CNICA DE CHIMBORAZO (ECUADOR)\"}]},{\"@type\":\"Person\",\"@id\":\"https:\/\/internacional.umh.es\/en\/#\/schema\/person\/0e6db5a45fc02a9f27d66dd22bddd06e\",\"name\":\"emoreno\",\"image\":{\"@type\":\"ImageObject\",\"@id\":\"https:\/\/internacional.umh.es\/en\/#personlogo\",\"inLanguage\":\"en-US\",\"url\":\"https:\/\/secure.gravatar.com\/avatar\/0536aabb31c3dafcce408c4d467653b9?s=96&d=mm&r=g\",\"contentUrl\":\"https:\/\/secure.gravatar.com\/avatar\/0536aabb31c3dafcce408c4d467653b9?s=96&d=mm&r=g\",\"caption\":\"emoreno\"},\"url\":\"https:\/\/internacional.umh.es\/en\/author\/emoreno\/\"}]}<\/script>\n<!-- \/ Yoast SEO plugin. -->","yoast_head_json":{"robots":{"index":"index","follow":"follow","max-snippet":"max-snippet:-1","max-image-preview":"max-image-preview:large","max-video-preview":"max-video-preview:-1"},"canonical":"https:\/\/internacional.umh.es\/en\/2018\/10\/19\/visita-del-rector-de-la-escuela-superior-politecnica-de-chimborazo-ecuador\/","og_locale":"en_US","og_type":"article","og_title":"VISITA DEL RECTOR DE LA ESCUELA SUPERIOR POLIT\u00c9CNICA DE CHIMBORAZO (ECUADOR)VISIT BY THE RECTOR OF THE ESCUELA SUPERIOR POLIT\u00c9CNICA DE CHIMBORAZO (ECUADOR) - International Relations and Cooperation","og_description":"A delegation from the Escuela Superior Polit\u00e9cnica de Chimborazo (ESPOCH) of Ecuador, led by its rector, Byron Ernesto Vaca Barahona, visited the Elche Campus and the School of Engineering of Orihuela (EPSO) at the Miguel Hern\u00e1ndez University of Elche to meet with various UMH officials. This activity is a result of the agreement signed between [...]","og_url":"https:\/\/internacional.umh.es\/ca\/2018\/10\/19\/visita-del-rector-de-la-escuela-superior-politecnica-de-chimborazo-ecuador\/","og_site_name":"International Relations and Cooperation","article_published_time":"2018-10-19T11:57:16+00:00","article_modified_time":"2018-10-22T07:16:48+00:00","og_image":[{"url":"https:\/\/internacional.umh.es\/files\/2018\/10\/DSC_0001_compressed.jpg"}],"twitter_card":"summary_large_image","twitter_misc":{"Written by":"emoreno","Est. reading time":"2 minutes"},"schema":{"@context":"https:\/\/schema.org","@graph":[{"@type":"WebSite","@id":"https:\/\/internacional.umh.es\/en\/#website","url":"https:\/\/internacional.umh.es\/en\/","name":"International Relations and Cooperation","description":"Miguel Hernandez University of Elche","potentialAction":[{"@type":"SearchAction","target":{"@type":"EntryPoint","urlTemplate":"https:\/\/internacional.umh.es\/en\/?s={search_term_string}"},"query-input":"required name=search_term_string"}],"inLanguage":"en-US"},{"@type":"ImageObject","@id":"https:\/\/internacional.umh.es\/ca\/2018\/10\/19\/visita-del-rector-de-la-escuela-superior-politecnica-de-chimborazo-ecuador\/#primaryimage","inLanguage":"en-US","url":"https:\/\/internacional.umh.es\/files\/2018\/10\/DSC_0001_compressed.jpg","contentUrl":"https:\/\/internacional.umh.es\/files\/2018\/10\/DSC_0001_compressed.jpg","width":4568,"height":3240},{"@type":"WebPage","@id":"https:\/\/internacional.umh.es\/ca\/2018\/10\/19\/visita-del-rector-de-la-escuela-superior-politecnica-de-chimborazo-ecuador\/#webpage","url":"https:\/\/internacional.umh.es\/ca\/2018\/10\/19\/visita-del-rector-de-la-escuela-superior-politecnica-de-chimborazo-ecuador\/","name":"VISITA DEL RECTOR DE LA ESCUELA SUPERIOR POLIT\u00c9CNICA DE CHIMBORAZO (ECUADOR)VISIT BY THE RECTOR OF THE ESCUELA SUPERIOR POLIT\u00c9CNICA DE CHIMBORAZO (ECUADOR) - International Relations and Cooperation","isPartOf":{"@id":"https:\/\/internacional.umh.es\/en\/#website"},"primaryImageOfPage":{"@id":"https:\/\/internacional.umh.es\/ca\/2018\/10\/19\/visita-del-rector-de-la-escuela-superior-politecnica-de-chimborazo-ecuador\/#primaryimage"},"datePublished":"2018-10-19T11:57:16+00:00","dateModified":"2018-10-22T07:16:48+00:00","author":{"@id":"https:\/\/internacional.umh.es\/en\/#\/schema\/person\/0e6db5a45fc02a9f27d66dd22bddd06e"},"breadcrumb":{"@id":"https:\/\/internacional.umh.es\/ca\/2018\/10\/19\/visita-del-rector-de-la-escuela-superior-politecnica-de-chimborazo-ecuador\/#breadcrumb"},"inLanguage":"en-US","potentialAction":[{"@type":"ReadAction","target":["https:\/\/internacional.umh.es\/ca\/2018\/10\/19\/visita-del-rector-de-la-escuela-superior-politecnica-de-chimborazo-ecuador\/"]}]},{"@type":"BreadcrumbList","@id":"https:\/\/internacional.umh.es\/ca\/2018\/10\/19\/visita-del-rector-de-la-escuela-superior-politecnica-de-chimborazo-ecuador\/#breadcrumb","itemListElement":[{"@type":"ListItem","position":1,"name":"Home","item":"https:\/\/internacional.umh.es\/en\/"},{"@type":"ListItem","position":2,"name":"(Espa\u00f1ol) VISITA DEL RECTOR DE LA ESCUELA SUPERIOR POLIT\u00c9CNICA DE CHIMBORAZO (ECUADOR)"}]},{"@type":"Person","@id":"https:\/\/internacional.umh.es\/en\/#\/schema\/person\/0e6db5a45fc02a9f27d66dd22bddd06e","name":"emoreno","image":{"@type":"ImageObject","@id":"https:\/\/internacional.umh.es\/en\/#personlogo","inLanguage":"en-US","url":"https:\/\/secure.gravatar.com\/avatar\/0536aabb31c3dafcce408c4d467653b9?s=96&d=mm&r=g","contentUrl":"https:\/\/secure.gravatar.com\/avatar\/0536aabb31c3dafcce408c4d467653b9?s=96&d=mm&r=g","caption":"emoreno"},"url":"https:\/\/internacional.umh.es\/en\/author\/emoreno\/"}]}},"_links":{"self":[{"href":"https:\/\/internacional.umh.es\/en\/wp-json\/wp\/v2\/posts\/7928"}],"collection":[{"href":"https:\/\/internacional.umh.es\/en\/wp-json\/wp\/v2\/posts"}],"about":[{"href":"https:\/\/internacional.umh.es\/en\/wp-json\/wp\/v2\/types\/post"}],"author":[{"embeddable":true,"href":"https:\/\/internacional.umh.es\/en\/wp-json\/wp\/v2\/users\/4274"}],"replies":[{"embeddable":true,"href":"https:\/\/internacional.umh.es\/en\/wp-json\/wp\/v2\/comments?post=7928"}],"version-history":[{"count":0,"href":"https:\/\/internacional.umh.es\/en\/wp-json\/wp\/v2\/posts\/7928\/revisions"}],"wp:attachment":[{"href":"https:\/\/internacional.umh.es\/en\/wp-json\/wp\/v2\/media?parent=7928"}],"wp:term":[{"taxonomy":"category","embeddable":true,"href":"https:\/\/internacional.umh.es\/en\/wp-json\/wp\/v2\/categories?post=7928"},{"taxonomy":"post_tag","embeddable":true,"href":"https:\/\/internacional.umh.es\/en\/wp-json\/wp\/v2\/tags?post=7928"}],"curies":[{"name":"wp","href":"https:\/\/api.w.org\/{rel}","templated":true}]}}