{"id":8288,"date":"2018-11-13T16:41:05","date_gmt":"2018-11-13T15:41:05","guid":{"rendered":"http:\/\/internacional.umh.es\/?p=8288"},"modified":"2018-11-14T11:27:34","modified_gmt":"2018-11-14T10:27:34","slug":"la-umh-refuerza-sus-lazos-con-la-universidad-de-sonora-mexico","status":"publish","type":"post","link":"https:\/\/internacional.umh.es\/en\/2018\/11\/13\/la-umh-refuerza-sus-lazos-con-la-universidad-de-sonora-mexico\/","title":{"rendered":"UMH REINFORCES TIES WITH THE UNIVERSITY OF SONORA (MEXICO)"},"content":{"rendered":"<p><div id=\"attachment_8300\" style=\"width: 310px\" class=\"wp-caption alignleft\"><a href=\"https:\/\/internacional.umh.es\/files\/2018\/11\/13-11-18-visita-jose-luis-gonzalez-universidad-sonoracomprimida-1.jpg\"><img aria-describedby=\"caption-attachment-8300\" loading=\"lazy\" class=\"size-medium wp-image-8300\" src=\"https:\/\/internacional.umh.es\/files\/2018\/11\/13-11-18-visita-jose-luis-gonzalez-universidad-sonoracomprimida-1-300x156.jpg\" alt=\"\" width=\"300\" height=\"156\" srcset=\"https:\/\/internacional.umh.es\/files\/2018\/11\/13-11-18-visita-jose-luis-gonzalez-universidad-sonoracomprimida-1-300x156.jpg 300w, https:\/\/internacional.umh.es\/files\/2018\/11\/13-11-18-visita-jose-luis-gonzalez-universidad-sonoracomprimida-1-768x399.jpg 768w, https:\/\/internacional.umh.es\/files\/2018\/11\/13-11-18-visita-jose-luis-gonzalez-universidad-sonoracomprimida-1-1024x532.jpg 1024w\" sizes=\"(max-width: 300px) 100vw, 300px\" \/><\/a><p id=\"caption-attachment-8300\" class=\"wp-caption-text\">Jos\u00e9 Luis Gonz\u00e1lez and Alejandra Meza, a UNISON professor.<\/p><\/div><\/p>\n<p>Deputy Vice Rector for International Relations at the Miguel Hern\u00e1ndez University of Elche (UMH), Jos\u00e9 Luis Gonz\u00e1lez, visited the central campus of the University of Sonora (UNISON) in Hermosillo, Mexico, with the goal of strengthening existing ties between both academic institutions. UNISON is home to close to 30,000 students and is among the top 10 Mexican universities in terms of research and education.<\/p>\n<p>During his visit, UMH professor Gonz\u00e1lez met with the director of Innovation and Educational Internationalization, Manuel Valenzuela, along with other faculty members and future graduate students interested in international mobility.<\/p>\n<p>Professor Jos\u00e9 Luis Gonz\u00e1lez also gave a lecture to and debated with journalism students and journalists from Hermosillo.<\/p>","protected":false},"excerpt":{"rendered":"<p>Jos\u00e9 Luis Gonz\u00e1lez and Alejandra Meza, a UNISON professor.<br \/>\nDeputy Vice Rector for International Relations at the Miguel Hern\u00e1ndez University of Elche (UMH), Jos\u00e9 Luis Gonz\u00e1lez, visited the central campus of the University of Sonora (UNISON) in Hermosillo, Mexico, with the goal of strengthening existing ties between both academic institutions. UNISON is home to close to [&#8230;]<\/p>\n","protected":false},"author":3296,"featured_media":0,"comment_status":"closed","ping_status":"closed","sticky":false,"template":"","format":"standard","meta":{"ngg_post_thumbnail":0,"_links_to":"","_links_to_target":""},"categories":[283],"tags":[860579,2276,766],"yoast_head":"<!-- This site is optimized with the Yoast SEO plugin v17.5 - https:\/\/yoast.com\/wordpress\/plugins\/seo\/ -->\n<meta name=\"robots\" content=\"index, follow, max-snippet:-1, max-image-preview:large, max-video-preview:-1\" \/>\n<link rel=\"canonical\" href=\"https:\/\/internacional.umh.es\/en\/2018\/11\/13\/la-umh-refuerza-sus-lazos-con-la-universidad-de-sonora-mexico\/\" \/>\n<meta property=\"og:locale\" content=\"en_US\" \/>\n<meta property=\"og:type\" content=\"article\" \/>\n<meta property=\"og:title\" content=\"LA UMH REFUERZA SUS LAZOS CON LA UNIVERSIDAD DE SONORA (M\u00c9XICO)UMH REINFORCES TIES WITH THE UNIVERSITY OF SONORA (MEXICO) - International Relations and Cooperation\" \/>\n<meta property=\"og:description\" content=\"Jos\u00e9 Luis Gonz\u00e1lez and Alejandra Meza, a UNISON professor. Deputy Vice Rector for International Relations at the Miguel Hern\u00e1ndez University of Elche (UMH), Jos\u00e9 Luis Gonz\u00e1lez, visited the central campus of the University of Sonora (UNISON) in Hermosillo, Mexico, with the goal of strengthening existing ties between both academic institutions. UNISON is home to close to [...]\" \/>\n<meta property=\"og:url\" content=\"https:\/\/internacional.umh.es\/2018\/11\/13\/la-umh-refuerza-sus-lazos-con-la-universidad-de-sonora-mexico\/\" \/>\n<meta property=\"og:site_name\" content=\"International Relations and Cooperation\" \/>\n<meta property=\"article:published_time\" content=\"2018-11-13T15:41:05+00:00\" \/>\n<meta property=\"article:modified_time\" content=\"2018-11-14T10:27:34+00:00\" \/>\n<meta property=\"og:image\" content=\"https:\/\/internacional.umh.es\/files\/2018\/11\/13-11-18-visita-jose-luis-gonzalez-universidad-sonoracomprimida-1-300x156.jpg\" \/>\n<meta name=\"twitter:card\" content=\"summary_large_image\" \/>\n<meta name=\"twitter:label1\" content=\"Written by\" \/>\n\t<meta name=\"twitter:data1\" content=\"Lis Gaibar\" \/>\n\t<meta name=\"twitter:label2\" content=\"Est. reading time\" \/>\n\t<meta name=\"twitter:data2\" content=\"1 minute\" \/>\n<script type=\"application\/ld+json\" class=\"yoast-schema-graph\">{\"@context\":\"https:\/\/schema.org\",\"@graph\":[{\"@type\":\"WebSite\",\"@id\":\"https:\/\/internacional.umh.es\/en\/#website\",\"url\":\"https:\/\/internacional.umh.es\/en\/\",\"name\":\"International Relations and Cooperation\",\"description\":\"Miguel Hernandez University of Elche\",\"potentialAction\":[{\"@type\":\"SearchAction\",\"target\":{\"@type\":\"EntryPoint\",\"urlTemplate\":\"https:\/\/internacional.umh.es\/en\/?s={search_term_string}\"},\"query-input\":\"required name=search_term_string\"}],\"inLanguage\":\"en-US\"},{\"@type\":\"ImageObject\",\"@id\":\"https:\/\/internacional.umh.es\/2018\/11\/13\/la-umh-refuerza-sus-lazos-con-la-universidad-de-sonora-mexico\/#primaryimage\",\"inLanguage\":\"en-US\",\"url\":\"https:\/\/internacional.umh.es\/files\/2018\/11\/13-11-18-visita-jose-luis-gonzalez-universidad-sonoracomprimida-1.jpg\",\"contentUrl\":\"https:\/\/internacional.umh.es\/files\/2018\/11\/13-11-18-visita-jose-luis-gonzalez-universidad-sonoracomprimida-1.jpg\",\"width\":3935,\"height\":2044,\"caption\":\"Jos\\u00e9 Luis Gonz\\u00e1lez junto a Alejandra Lezo, profesora en la UNISON\"},{\"@type\":\"WebPage\",\"@id\":\"https:\/\/internacional.umh.es\/2018\/11\/13\/la-umh-refuerza-sus-lazos-con-la-universidad-de-sonora-mexico\/#webpage\",\"url\":\"https:\/\/internacional.umh.es\/2018\/11\/13\/la-umh-refuerza-sus-lazos-con-la-universidad-de-sonora-mexico\/\",\"name\":\"LA UMH REFUERZA SUS LAZOS CON LA UNIVERSIDAD DE SONORA (M\\u00c9XICO)UMH REINFORCES TIES WITH THE UNIVERSITY OF SONORA (MEXICO) - International Relations and Cooperation\",\"isPartOf\":{\"@id\":\"https:\/\/internacional.umh.es\/en\/#website\"},\"primaryImageOfPage\":{\"@id\":\"https:\/\/internacional.umh.es\/2018\/11\/13\/la-umh-refuerza-sus-lazos-con-la-universidad-de-sonora-mexico\/#primaryimage\"},\"datePublished\":\"2018-11-13T15:41:05+00:00\",\"dateModified\":\"2018-11-14T10:27:34+00:00\",\"author\":{\"@id\":\"https:\/\/internacional.umh.es\/en\/#\/schema\/person\/7bb65ed0a8b845f71ebcff4a02293168\"},\"breadcrumb\":{\"@id\":\"https:\/\/internacional.umh.es\/2018\/11\/13\/la-umh-refuerza-sus-lazos-con-la-universidad-de-sonora-mexico\/#breadcrumb\"},\"inLanguage\":\"en-US\",\"potentialAction\":[{\"@type\":\"ReadAction\",\"target\":[\"https:\/\/internacional.umh.es\/2018\/11\/13\/la-umh-refuerza-sus-lazos-con-la-universidad-de-sonora-mexico\/\"]}]},{\"@type\":\"BreadcrumbList\",\"@id\":\"https:\/\/internacional.umh.es\/2018\/11\/13\/la-umh-refuerza-sus-lazos-con-la-universidad-de-sonora-mexico\/#breadcrumb\",\"itemListElement\":[{\"@type\":\"ListItem\",\"position\":1,\"name\":\"Home\",\"item\":\"https:\/\/internacional.umh.es\/en\/\"},{\"@type\":\"ListItem\",\"position\":2,\"name\":\"UMH REINFORCES TIES WITH THE UNIVERSITY OF SONORA (MEXICO)\"}]},{\"@type\":\"Person\",\"@id\":\"https:\/\/internacional.umh.es\/en\/#\/schema\/person\/7bb65ed0a8b845f71ebcff4a02293168\",\"name\":\"Lis Gaibar\",\"image\":{\"@type\":\"ImageObject\",\"@id\":\"https:\/\/internacional.umh.es\/en\/#personlogo\",\"inLanguage\":\"en-US\",\"url\":\"https:\/\/secure.gravatar.com\/avatar\/4e84d6c845e3a8cf35c7d725456c4948?s=96&d=mm&r=g\",\"contentUrl\":\"https:\/\/secure.gravatar.com\/avatar\/4e84d6c845e3a8cf35c7d725456c4948?s=96&d=mm&r=g\",\"caption\":\"Lis Gaibar\"},\"url\":\"https:\/\/internacional.umh.es\/en\/author\/l-gaibar\/\"}]}<\/script>\n<!-- \/ Yoast SEO plugin. -->","yoast_head_json":{"robots":{"index":"index","follow":"follow","max-snippet":"max-snippet:-1","max-image-preview":"max-image-preview:large","max-video-preview":"max-video-preview:-1"},"canonical":"https:\/\/internacional.umh.es\/en\/2018\/11\/13\/la-umh-refuerza-sus-lazos-con-la-universidad-de-sonora-mexico\/","og_locale":"en_US","og_type":"article","og_title":"LA UMH REFUERZA SUS LAZOS CON LA UNIVERSIDAD DE SONORA (M\u00c9XICO)UMH REINFORCES TIES WITH THE UNIVERSITY OF SONORA (MEXICO) - International Relations and Cooperation","og_description":"Jos\u00e9 Luis Gonz\u00e1lez and Alejandra Meza, a UNISON professor. Deputy Vice Rector for International Relations at the Miguel Hern\u00e1ndez University of Elche (UMH), Jos\u00e9 Luis Gonz\u00e1lez, visited the central campus of the University of Sonora (UNISON) in Hermosillo, Mexico, with the goal of strengthening existing ties between both academic institutions. UNISON is home to close to [...]","og_url":"https:\/\/internacional.umh.es\/2018\/11\/13\/la-umh-refuerza-sus-lazos-con-la-universidad-de-sonora-mexico\/","og_site_name":"International Relations and Cooperation","article_published_time":"2018-11-13T15:41:05+00:00","article_modified_time":"2018-11-14T10:27:34+00:00","og_image":[{"url":"https:\/\/internacional.umh.es\/files\/2018\/11\/13-11-18-visita-jose-luis-gonzalez-universidad-sonoracomprimida-1-300x156.jpg"}],"twitter_card":"summary_large_image","twitter_misc":{"Written by":"Lis Gaibar","Est. reading time":"1 minute"},"schema":{"@context":"https:\/\/schema.org","@graph":[{"@type":"WebSite","@id":"https:\/\/internacional.umh.es\/en\/#website","url":"https:\/\/internacional.umh.es\/en\/","name":"International Relations and Cooperation","description":"Miguel Hernandez University of Elche","potentialAction":[{"@type":"SearchAction","target":{"@type":"EntryPoint","urlTemplate":"https:\/\/internacional.umh.es\/en\/?s={search_term_string}"},"query-input":"required name=search_term_string"}],"inLanguage":"en-US"},{"@type":"ImageObject","@id":"https:\/\/internacional.umh.es\/2018\/11\/13\/la-umh-refuerza-sus-lazos-con-la-universidad-de-sonora-mexico\/#primaryimage","inLanguage":"en-US","url":"https:\/\/internacional.umh.es\/files\/2018\/11\/13-11-18-visita-jose-luis-gonzalez-universidad-sonoracomprimida-1.jpg","contentUrl":"https:\/\/internacional.umh.es\/files\/2018\/11\/13-11-18-visita-jose-luis-gonzalez-universidad-sonoracomprimida-1.jpg","width":3935,"height":2044,"caption":"Jos\u00e9 Luis Gonz\u00e1lez junto a Alejandra Lezo, profesora en la UNISON"},{"@type":"WebPage","@id":"https:\/\/internacional.umh.es\/2018\/11\/13\/la-umh-refuerza-sus-lazos-con-la-universidad-de-sonora-mexico\/#webpage","url":"https:\/\/internacional.umh.es\/2018\/11\/13\/la-umh-refuerza-sus-lazos-con-la-universidad-de-sonora-mexico\/","name":"LA UMH REFUERZA SUS LAZOS CON LA UNIVERSIDAD DE SONORA (M\u00c9XICO)UMH REINFORCES TIES WITH THE UNIVERSITY OF SONORA (MEXICO) - International Relations and Cooperation","isPartOf":{"@id":"https:\/\/internacional.umh.es\/en\/#website"},"primaryImageOfPage":{"@id":"https:\/\/internacional.umh.es\/2018\/11\/13\/la-umh-refuerza-sus-lazos-con-la-universidad-de-sonora-mexico\/#primaryimage"},"datePublished":"2018-11-13T15:41:05+00:00","dateModified":"2018-11-14T10:27:34+00:00","author":{"@id":"https:\/\/internacional.umh.es\/en\/#\/schema\/person\/7bb65ed0a8b845f71ebcff4a02293168"},"breadcrumb":{"@id":"https:\/\/internacional.umh.es\/2018\/11\/13\/la-umh-refuerza-sus-lazos-con-la-universidad-de-sonora-mexico\/#breadcrumb"},"inLanguage":"en-US","potentialAction":[{"@type":"ReadAction","target":["https:\/\/internacional.umh.es\/2018\/11\/13\/la-umh-refuerza-sus-lazos-con-la-universidad-de-sonora-mexico\/"]}]},{"@type":"BreadcrumbList","@id":"https:\/\/internacional.umh.es\/2018\/11\/13\/la-umh-refuerza-sus-lazos-con-la-universidad-de-sonora-mexico\/#breadcrumb","itemListElement":[{"@type":"ListItem","position":1,"name":"Home","item":"https:\/\/internacional.umh.es\/en\/"},{"@type":"ListItem","position":2,"name":"UMH REINFORCES TIES WITH THE UNIVERSITY OF SONORA (MEXICO)"}]},{"@type":"Person","@id":"https:\/\/internacional.umh.es\/en\/#\/schema\/person\/7bb65ed0a8b845f71ebcff4a02293168","name":"Lis Gaibar","image":{"@type":"ImageObject","@id":"https:\/\/internacional.umh.es\/en\/#personlogo","inLanguage":"en-US","url":"https:\/\/secure.gravatar.com\/avatar\/4e84d6c845e3a8cf35c7d725456c4948?s=96&d=mm&r=g","contentUrl":"https:\/\/secure.gravatar.com\/avatar\/4e84d6c845e3a8cf35c7d725456c4948?s=96&d=mm&r=g","caption":"Lis Gaibar"},"url":"https:\/\/internacional.umh.es\/en\/author\/l-gaibar\/"}]}},"_links":{"self":[{"href":"https:\/\/internacional.umh.es\/en\/wp-json\/wp\/v2\/posts\/8288"}],"collection":[{"href":"https:\/\/internacional.umh.es\/en\/wp-json\/wp\/v2\/posts"}],"about":[{"href":"https:\/\/internacional.umh.es\/en\/wp-json\/wp\/v2\/types\/post"}],"author":[{"embeddable":true,"href":"https:\/\/internacional.umh.es\/en\/wp-json\/wp\/v2\/users\/3296"}],"replies":[{"embeddable":true,"href":"https:\/\/internacional.umh.es\/en\/wp-json\/wp\/v2\/comments?post=8288"}],"version-history":[{"count":0,"href":"https:\/\/internacional.umh.es\/en\/wp-json\/wp\/v2\/posts\/8288\/revisions"}],"wp:attachment":[{"href":"https:\/\/internacional.umh.es\/en\/wp-json\/wp\/v2\/media?parent=8288"}],"wp:term":[{"taxonomy":"category","embeddable":true,"href":"https:\/\/internacional.umh.es\/en\/wp-json\/wp\/v2\/categories?post=8288"},{"taxonomy":"post_tag","embeddable":true,"href":"https:\/\/internacional.umh.es\/en\/wp-json\/wp\/v2\/tags?post=8288"}],"curies":[{"name":"wp","href":"https:\/\/api.w.org\/{rel}","templated":true}]}}