{"id":9308,"date":"2018-12-14T14:02:12","date_gmt":"2018-12-14T13:02:12","guid":{"rendered":"http:\/\/internacional.umh.es\/?p=9308"},"modified":"2020-06-05T11:21:05","modified_gmt":"2020-06-05T09:21:05","slug":"el-profesor-mariano-perez-arroyo-recibe-el-galardon-humanitario-2018-de-la-fundacion-napardi","status":"publish","type":"post","link":"https:\/\/internacional.umh.es\/en\/2018\/12\/14\/el-profesor-mariano-perez-arroyo-recibe-el-galardon-humanitario-2018-de-la-fundacion-napardi\/","title":{"rendered":"Mariano P\u00e9rez Arroyo, recipient of the 2018 Humanitarian Award by the Napardi Foundation"},"content":{"rendered":"<p>Mariano P\u00e9rez Arroyo, director of the UMH Headquarters in Rwanda Chair, has been recognized by the Napardi Charitable Foundation by being awarded its 2018 Humanitarian Award for his efforts in Rwanda. A neurophysiologist and former UMH faculty member, Mariano P\u00e9rez Arroyo has been involved with development cooperation efforts in Rwanda since 1994. This prize was awarded in November 2018 at the Napardi Gastronomic Society.<\/p>\n<p>The Napardi Foundation has collaborated by funding various UMH Headquarters in Rwanda Chair projects; its support was vital for the construction of the Nemba lunchroom, a facility that now feeds 700 children every day of the year at the Nemba School. The foundation also collaborates in the fight against epilepsy, a disease that is highly prevalent in Rwanda.<\/p>\n\n\t\t<style type=\"text\/css\">\n\t\t\t#gallery-2 {\n\t\t\t\tmargin: auto;\n\t\t\t}\n\t\t\t#gallery-2 .gallery-item {\n\t\t\t\tfloat: left;\n\t\t\t\tmargin-top: 10px;\n\t\t\t\ttext-align: center;\n\t\t\t\twidth: 33%;\n\t\t\t}\n\t\t\t#gallery-2 img {\n\t\t\t\tborder: 2px solid #cfcfcf;\n\t\t\t}\n\t\t\t#gallery-2 .gallery-caption {\n\t\t\t\tmargin-left: 0;\n\t\t\t}\n\t\t\t\/* see gallery_shortcode() in wp-includes\/media.php *\/\n\t\t<\/style>\n\t\t<div id='gallery-2' class='gallery galleryid-9308 gallery-columns-3 gallery-size-thumbnail'><dl class='gallery-item'>\n\t\t\t<dt class='gallery-icon landscape'>\n\t\t\t\t<a href='https:\/\/internacional.umh.es\/files\/2018\/12\/17W7768_sel.jpg'><img width=\"150\" height=\"150\" src=\"https:\/\/internacional.umh.es\/files\/2018\/12\/17W7768_sel-150x150.jpg\" class=\"attachment-thumbnail size-thumbnail\" alt=\"\" loading=\"lazy\" srcset=\"https:\/\/internacional.umh.es\/files\/2018\/12\/17W7768_sel-150x150.jpg 150w, https:\/\/internacional.umh.es\/files\/2018\/12\/17W7768_sel-32x32.jpg 32w, https:\/\/internacional.umh.es\/files\/2018\/12\/17W7768_sel-64x64.jpg 64w, https:\/\/internacional.umh.es\/files\/2018\/12\/17W7768_sel-96x96.jpg 96w, https:\/\/internacional.umh.es\/files\/2018\/12\/17W7768_sel-128x128.jpg 128w\" sizes=\"(max-width: 150px) 100vw, 150px\" \/><\/a>\n\t\t\t<\/dt><\/dl><dl class='gallery-item'>\n\t\t\t<dt class='gallery-icon landscape'>\n\t\t\t\t<a href='https:\/\/internacional.umh.es\/files\/2018\/12\/17W7821_sel.jpg'><img width=\"150\" height=\"150\" src=\"https:\/\/internacional.umh.es\/files\/2018\/12\/17W7821_sel-150x150.jpg\" class=\"attachment-thumbnail size-thumbnail\" alt=\"\" loading=\"lazy\" srcset=\"https:\/\/internacional.umh.es\/files\/2018\/12\/17W7821_sel-150x150.jpg 150w, https:\/\/internacional.umh.es\/files\/2018\/12\/17W7821_sel-32x32.jpg 32w, https:\/\/internacional.umh.es\/files\/2018\/12\/17W7821_sel-64x64.jpg 64w, https:\/\/internacional.umh.es\/files\/2018\/12\/17W7821_sel-96x96.jpg 96w, https:\/\/internacional.umh.es\/files\/2018\/12\/17W7821_sel-128x128.jpg 128w\" sizes=\"(max-width: 150px) 100vw, 150px\" \/><\/a>\n\t\t\t<\/dt><\/dl><dl class='gallery-item'>\n\t\t\t<dt class='gallery-icon landscape'>\n\t\t\t\t<a href='https:\/\/internacional.umh.es\/files\/2018\/12\/17W7825_sel.jpg'><img width=\"150\" height=\"150\" src=\"https:\/\/internacional.umh.es\/files\/2018\/12\/17W7825_sel-150x150.jpg\" class=\"attachment-thumbnail size-thumbnail\" alt=\"\" loading=\"lazy\" srcset=\"https:\/\/internacional.umh.es\/files\/2018\/12\/17W7825_sel-150x150.jpg 150w, https:\/\/internacional.umh.es\/files\/2018\/12\/17W7825_sel-32x32.jpg 32w, https:\/\/internacional.umh.es\/files\/2018\/12\/17W7825_sel-64x64.jpg 64w, https:\/\/internacional.umh.es\/files\/2018\/12\/17W7825_sel-96x96.jpg 96w, https:\/\/internacional.umh.es\/files\/2018\/12\/17W7825_sel-128x128.jpg 128w\" sizes=\"(max-width: 150px) 100vw, 150px\" \/><\/a>\n\t\t\t<\/dt><\/dl><br style=\"clear: both\" \/>\n\t\t<\/div>\n\n<p>&nbsp;<\/p>\n<p>This funding is received and managed by the UMH Headquarters in Rwanda Chair, an entity created in 2016 by the Miguel Hern\u00e1ndez University of Elche to carry out development cooperation actions in that African country. The university focuses its assistance on areas of health, research, and education through training, the construction or renovation of infrastructure, as well as by providing teaching and health support.&nbsp;<\/p>\n<p>Even though the formal creation of this chair occurred relatively recently, the Miguel Hern\u00e1ndez University of Elche has been present in Rwanda since the educational institution\u2019s early beginnings. The then-psychology professor, Mariano P\u00e9rez Arroyo, now chair director, has led several projects financed by the UMH, the first of which was the renovation of the Musanze nursing school.<\/p>","protected":false},"excerpt":{"rendered":"<p>Mariano P\u00e9rez Arroyo, director of the UMH Headquarters in Rwanda Chair, has been recognized by the Napardi Charitable Foundation by being awarded its 2018 Humanitarian Award for his efforts in Rwanda. A neurophysiologist and former UMH faculty member, Mariano P\u00e9rez Arroyo has been involved with development cooperation efforts in Rwanda since 1994. This prize was [&#8230;]<\/p>\n","protected":false},"author":3296,"featured_media":0,"comment_status":"closed","ping_status":"closed","sticky":false,"template":"","format":"standard","meta":{"ngg_post_thumbnail":0,"_links_to":"","_links_to_target":""},"categories":[46075,296002],"tags":[53188,50,53468,47736,400,52116],"yoast_head":"<!-- This site is optimized with the Yoast SEO plugin v17.5 - https:\/\/yoast.com\/wordpress\/plugins\/seo\/ -->\n<meta name=\"robots\" content=\"index, follow, max-snippet:-1, max-image-preview:large, max-video-preview:-1\" \/>\n<link rel=\"canonical\" href=\"https:\/\/internacional.umh.es\/en\/2018\/12\/14\/el-profesor-mariano-perez-arroyo-recibe-el-galardon-humanitario-2018-de-la-fundacion-napardi\/\" \/>\n<meta property=\"og:locale\" content=\"en_US\" \/>\n<meta property=\"og:type\" content=\"article\" \/>\n<meta property=\"og:title\" content=\"EL PROFESOR MARIANO P\u00c9REZ ARROYO RECIBE EL GALARD\u00d3N HUMANITARIO 2018 DE LA FUNDACI\u00d3N NAPARDIMariano P\u00e9rez Arroyo, recipient of the 2018 Humanitarian Award by the Napardi Foundation - International Relations and Cooperation\" \/>\n<meta property=\"og:description\" content=\"Mariano P\u00e9rez Arroyo, director of the UMH Headquarters in Rwanda Chair, has been recognized by the Napardi Charitable Foundation by being awarded its 2018 Humanitarian Award for his efforts in Rwanda. A neurophysiologist and former UMH faculty member, Mariano P\u00e9rez Arroyo has been involved with development cooperation efforts in Rwanda since 1994. This prize was [...]\" \/>\n<meta property=\"og:url\" content=\"https:\/\/internacional.umh.es\/2018\/12\/14\/el-profesor-mariano-perez-arroyo-recibe-el-galardon-humanitario-2018-de-la-fundacion-napardi\/\" \/>\n<meta property=\"og:site_name\" content=\"International Relations and Cooperation\" \/>\n<meta property=\"article:published_time\" content=\"2018-12-14T13:02:12+00:00\" \/>\n<meta property=\"article:modified_time\" content=\"2020-06-05T09:21:05+00:00\" \/>\n<meta property=\"og:image\" content=\"https:\/\/internacional.umh.es\/files\/2018\/12\/17W7768_sel-150x150.jpg\" \/>\n<meta name=\"twitter:card\" content=\"summary_large_image\" \/>\n<meta name=\"twitter:label1\" content=\"Written by\" \/>\n\t<meta name=\"twitter:data1\" content=\"Lis Gaibar\" \/>\n\t<meta name=\"twitter:label2\" content=\"Est. reading time\" \/>\n\t<meta name=\"twitter:data2\" content=\"3 minutes\" \/>\n<script type=\"application\/ld+json\" class=\"yoast-schema-graph\">{\"@context\":\"https:\/\/schema.org\",\"@graph\":[{\"@type\":\"WebSite\",\"@id\":\"https:\/\/internacional.umh.es\/en\/#website\",\"url\":\"https:\/\/internacional.umh.es\/en\/\",\"name\":\"International Relations and Cooperation\",\"description\":\"Miguel Hernandez University of Elche\",\"potentialAction\":[{\"@type\":\"SearchAction\",\"target\":{\"@type\":\"EntryPoint\",\"urlTemplate\":\"https:\/\/internacional.umh.es\/en\/?s={search_term_string}\"},\"query-input\":\"required name=search_term_string\"}],\"inLanguage\":\"en-US\"},{\"@type\":\"WebPage\",\"@id\":\"https:\/\/internacional.umh.es\/2018\/12\/14\/el-profesor-mariano-perez-arroyo-recibe-el-galardon-humanitario-2018-de-la-fundacion-napardi\/#webpage\",\"url\":\"https:\/\/internacional.umh.es\/2018\/12\/14\/el-profesor-mariano-perez-arroyo-recibe-el-galardon-humanitario-2018-de-la-fundacion-napardi\/\",\"name\":\"EL PROFESOR MARIANO P\\u00c9REZ ARROYO RECIBE EL GALARD\\u00d3N HUMANITARIO 2018 DE LA FUNDACI\\u00d3N NAPARDIMariano P\\u00e9rez Arroyo, recipient of the 2018 Humanitarian Award by the Napardi Foundation - International Relations and Cooperation\",\"isPartOf\":{\"@id\":\"https:\/\/internacional.umh.es\/en\/#website\"},\"datePublished\":\"2018-12-14T13:02:12+00:00\",\"dateModified\":\"2020-06-05T09:21:05+00:00\",\"author\":{\"@id\":\"https:\/\/internacional.umh.es\/en\/#\/schema\/person\/7bb65ed0a8b845f71ebcff4a02293168\"},\"breadcrumb\":{\"@id\":\"https:\/\/internacional.umh.es\/2018\/12\/14\/el-profesor-mariano-perez-arroyo-recibe-el-galardon-humanitario-2018-de-la-fundacion-napardi\/#breadcrumb\"},\"inLanguage\":\"en-US\",\"potentialAction\":[{\"@type\":\"ReadAction\",\"target\":[\"https:\/\/internacional.umh.es\/2018\/12\/14\/el-profesor-mariano-perez-arroyo-recibe-el-galardon-humanitario-2018-de-la-fundacion-napardi\/\"]}]},{\"@type\":\"BreadcrumbList\",\"@id\":\"https:\/\/internacional.umh.es\/2018\/12\/14\/el-profesor-mariano-perez-arroyo-recibe-el-galardon-humanitario-2018-de-la-fundacion-napardi\/#breadcrumb\",\"itemListElement\":[{\"@type\":\"ListItem\",\"position\":1,\"name\":\"Home\",\"item\":\"https:\/\/internacional.umh.es\/en\/\"},{\"@type\":\"ListItem\",\"position\":2,\"name\":\"Mariano P\\u00e9rez Arroyo, recipient of the 2018 Humanitarian Award by the Napardi Foundation\"}]},{\"@type\":\"Person\",\"@id\":\"https:\/\/internacional.umh.es\/en\/#\/schema\/person\/7bb65ed0a8b845f71ebcff4a02293168\",\"name\":\"Lis Gaibar\",\"image\":{\"@type\":\"ImageObject\",\"@id\":\"https:\/\/internacional.umh.es\/en\/#personlogo\",\"inLanguage\":\"en-US\",\"url\":\"https:\/\/secure.gravatar.com\/avatar\/4e84d6c845e3a8cf35c7d725456c4948?s=96&d=mm&r=g\",\"contentUrl\":\"https:\/\/secure.gravatar.com\/avatar\/4e84d6c845e3a8cf35c7d725456c4948?s=96&d=mm&r=g\",\"caption\":\"Lis Gaibar\"},\"url\":\"https:\/\/internacional.umh.es\/en\/author\/l-gaibar\/\"}]}<\/script>\n<!-- \/ Yoast SEO plugin. -->","yoast_head_json":{"robots":{"index":"index","follow":"follow","max-snippet":"max-snippet:-1","max-image-preview":"max-image-preview:large","max-video-preview":"max-video-preview:-1"},"canonical":"https:\/\/internacional.umh.es\/en\/2018\/12\/14\/el-profesor-mariano-perez-arroyo-recibe-el-galardon-humanitario-2018-de-la-fundacion-napardi\/","og_locale":"en_US","og_type":"article","og_title":"EL PROFESOR MARIANO P\u00c9REZ ARROYO RECIBE EL GALARD\u00d3N HUMANITARIO 2018 DE LA FUNDACI\u00d3N NAPARDIMariano P\u00e9rez Arroyo, recipient of the 2018 Humanitarian Award by the Napardi Foundation - International Relations and Cooperation","og_description":"Mariano P\u00e9rez Arroyo, director of the UMH Headquarters in Rwanda Chair, has been recognized by the Napardi Charitable Foundation by being awarded its 2018 Humanitarian Award for his efforts in Rwanda. A neurophysiologist and former UMH faculty member, Mariano P\u00e9rez Arroyo has been involved with development cooperation efforts in Rwanda since 1994. This prize was [...]","og_url":"https:\/\/internacional.umh.es\/2018\/12\/14\/el-profesor-mariano-perez-arroyo-recibe-el-galardon-humanitario-2018-de-la-fundacion-napardi\/","og_site_name":"International Relations and Cooperation","article_published_time":"2018-12-14T13:02:12+00:00","article_modified_time":"2020-06-05T09:21:05+00:00","og_image":[{"url":"https:\/\/internacional.umh.es\/files\/2018\/12\/17W7768_sel-150x150.jpg"}],"twitter_card":"summary_large_image","twitter_misc":{"Written by":"Lis Gaibar","Est. reading time":"3 minutes"},"schema":{"@context":"https:\/\/schema.org","@graph":[{"@type":"WebSite","@id":"https:\/\/internacional.umh.es\/en\/#website","url":"https:\/\/internacional.umh.es\/en\/","name":"International Relations and Cooperation","description":"Miguel Hernandez University of Elche","potentialAction":[{"@type":"SearchAction","target":{"@type":"EntryPoint","urlTemplate":"https:\/\/internacional.umh.es\/en\/?s={search_term_string}"},"query-input":"required name=search_term_string"}],"inLanguage":"en-US"},{"@type":"WebPage","@id":"https:\/\/internacional.umh.es\/2018\/12\/14\/el-profesor-mariano-perez-arroyo-recibe-el-galardon-humanitario-2018-de-la-fundacion-napardi\/#webpage","url":"https:\/\/internacional.umh.es\/2018\/12\/14\/el-profesor-mariano-perez-arroyo-recibe-el-galardon-humanitario-2018-de-la-fundacion-napardi\/","name":"EL PROFESOR MARIANO P\u00c9REZ ARROYO RECIBE EL GALARD\u00d3N HUMANITARIO 2018 DE LA FUNDACI\u00d3N NAPARDIMariano P\u00e9rez Arroyo, recipient of the 2018 Humanitarian Award by the Napardi Foundation - International Relations and Cooperation","isPartOf":{"@id":"https:\/\/internacional.umh.es\/en\/#website"},"datePublished":"2018-12-14T13:02:12+00:00","dateModified":"2020-06-05T09:21:05+00:00","author":{"@id":"https:\/\/internacional.umh.es\/en\/#\/schema\/person\/7bb65ed0a8b845f71ebcff4a02293168"},"breadcrumb":{"@id":"https:\/\/internacional.umh.es\/2018\/12\/14\/el-profesor-mariano-perez-arroyo-recibe-el-galardon-humanitario-2018-de-la-fundacion-napardi\/#breadcrumb"},"inLanguage":"en-US","potentialAction":[{"@type":"ReadAction","target":["https:\/\/internacional.umh.es\/2018\/12\/14\/el-profesor-mariano-perez-arroyo-recibe-el-galardon-humanitario-2018-de-la-fundacion-napardi\/"]}]},{"@type":"BreadcrumbList","@id":"https:\/\/internacional.umh.es\/2018\/12\/14\/el-profesor-mariano-perez-arroyo-recibe-el-galardon-humanitario-2018-de-la-fundacion-napardi\/#breadcrumb","itemListElement":[{"@type":"ListItem","position":1,"name":"Home","item":"https:\/\/internacional.umh.es\/en\/"},{"@type":"ListItem","position":2,"name":"Mariano P\u00e9rez Arroyo, recipient of the 2018 Humanitarian Award by the Napardi Foundation"}]},{"@type":"Person","@id":"https:\/\/internacional.umh.es\/en\/#\/schema\/person\/7bb65ed0a8b845f71ebcff4a02293168","name":"Lis Gaibar","image":{"@type":"ImageObject","@id":"https:\/\/internacional.umh.es\/en\/#personlogo","inLanguage":"en-US","url":"https:\/\/secure.gravatar.com\/avatar\/4e84d6c845e3a8cf35c7d725456c4948?s=96&d=mm&r=g","contentUrl":"https:\/\/secure.gravatar.com\/avatar\/4e84d6c845e3a8cf35c7d725456c4948?s=96&d=mm&r=g","caption":"Lis Gaibar"},"url":"https:\/\/internacional.umh.es\/en\/author\/l-gaibar\/"}]}},"_links":{"self":[{"href":"https:\/\/internacional.umh.es\/en\/wp-json\/wp\/v2\/posts\/9308"}],"collection":[{"href":"https:\/\/internacional.umh.es\/en\/wp-json\/wp\/v2\/posts"}],"about":[{"href":"https:\/\/internacional.umh.es\/en\/wp-json\/wp\/v2\/types\/post"}],"author":[{"embeddable":true,"href":"https:\/\/internacional.umh.es\/en\/wp-json\/wp\/v2\/users\/3296"}],"replies":[{"embeddable":true,"href":"https:\/\/internacional.umh.es\/en\/wp-json\/wp\/v2\/comments?post=9308"}],"version-history":[{"count":0,"href":"https:\/\/internacional.umh.es\/en\/wp-json\/wp\/v2\/posts\/9308\/revisions"}],"wp:attachment":[{"href":"https:\/\/internacional.umh.es\/en\/wp-json\/wp\/v2\/media?parent=9308"}],"wp:term":[{"taxonomy":"category","embeddable":true,"href":"https:\/\/internacional.umh.es\/en\/wp-json\/wp\/v2\/categories?post=9308"},{"taxonomy":"post_tag","embeddable":true,"href":"https:\/\/internacional.umh.es\/en\/wp-json\/wp\/v2\/tags?post=9308"}],"curies":[{"name":"wp","href":"https:\/\/api.w.org\/{rel}","templated":true}]}}